{"id":597391,"date":"2025-12-13T20:43:52","date_gmt":"2025-12-13T20:43:52","guid":{"rendered":"https:\/\/www.europesays.com\/fr\/597391\/"},"modified":"2025-12-13T20:43:52","modified_gmt":"2025-12-13T20:43:52","slug":"pro-d2-on-se-cherche-un-peu-grenoble-plonge-dans-le-doute-apres-le-derby","status":"publish","type":"post","link":"https:\/\/www.europesays.com\/fr\/597391\/","title":{"rendered":"Pro D2 &#8211; \u00ab\u00a0On se cherche un peu\u00a0\u00bb : Grenoble plong\u00e9 dans le doute apr\u00e8s le derby"},"content":{"rendered":"<p>\n                Cette d\u00e9faite dans la Dr\u00f4me a mis en avant les difficult\u00e9s is\u00e9roises, notamment dans les t\u00eates.\n            <\/p>\n<p>Malgr\u00e9 la huiti\u00e8me d\u00e9faite de la saison, qui plus est dans un derby, il y a eu du mieux pour le FCG sur la pelouse de Valence-Romans, par rapport \u00e0 la d\u00e9faite \u00e0 Colomiers une semaine plus t\u00f4t. Mais il en manque encore beaucoup trop pour esp\u00e9rer rivaliser face \u00e0 une \u00e9quipe sur une grosse dynamique. Les Is\u00e9rois ont notamment manqu\u00e9 leurs entames de mi-temps, encaissant deux essais rapidement, et ne sont pas parvenus \u00e0 concr\u00e9tiser suffisamment leurs munitions dans le camp dr\u00f4mois. \u00ab\u00a0Sur la totalit\u00e9 du match, nous avons \u00e9t\u00e9 trop sous pression. Nous avons \u00e9t\u00e9 priv\u00e9s de munitions, on a beaucoup d\u00e9fendu et on finit par l\u00e2cher. Je pense que nous sommes malheureusement \u00e0 notre place. Il va falloir vraiment continuer \u00e0 travailler, ne pas l\u00e2cher, rester ensemble. Il y a eu un peu de mieux quand on a eu le ballon. Nous avons r\u00e9ussi \u00e0 faire des mouvements plut\u00f4t sympas. Malheureusement, nous sommes inoffensifs, on ne marque pas assez. Nous avons \u00e9t\u00e9 domin\u00e9s par une tr\u00e8s belle \u00e9quipe. Aujourd\u2019hui, ils sont sup\u00e9rieurs \u00e0 nous. Il faut savoir l\u2019accepter et travailler pour recoller. Je pense que ce serait se mentir que de se dire que nous avons \u00e9t\u00e9 au niveau. Maintenant, il faut savoir pourquoi et continuer \u00e0 travailler pour pr\u00e9parer la r\u00e9ception de Dax\u00a0\u00bb, confiait Julien Farnoux.<\/p>\n<p><strong>Un probl\u00e8me de confiance \u00e0 r\u00e9gler<\/strong><\/p>\n<p>La copie livr\u00e9e par les visiteurs est clairement celle d\u2019une \u00e9quipe en plein doute qui peine \u00e0 voir la lumi\u00e8re au bout du tunnel, en t\u00e9moignent les deux essais encaiss\u00e9s en d\u00e9but de chaque p\u00e9riode. \u00a0\u00bb Il y a des choses int\u00e9ressantes mais on prend des essais qui font mal, en d\u00e9but de p\u00e9riode. Nous sommes pr\u00e8s et loin \u00e0 la fois. Il y avait pas mal d\u2019espoir sur ce match mais nous sommes d\u00e9\u00e7us. Il y a une diff\u00e9rence de confiance entre les deux \u00e9quipes. Nous, on se cherche un peu. La solution n\u2019est pas que mentale, on est dans une p\u00e9riode difficile. Cela arrive souvent par p\u00e9riode sur des \u00e9quipes. Le VRDR est deuxi\u00e8me, ils jouent bien, \u00e7a d\u00e9fend bien, ils sont dans une situation confortable et nous sommes dans le doute\u00a0\u00bb, indique Jean-Fr\u00e9d\u00e9ric Dubois.\u00a0<\/p>\n","protected":false},"excerpt":{"rendered":"Cette d\u00e9faite dans la Dr\u00f4me a mis en avant les difficult\u00e9s is\u00e9roises, notamment dans les t\u00eates. Malgr\u00e9 la&hellip;\n","protected":false},"author":2,"featured_media":597392,"comment_status":"","ping_status":"","sticky":false,"template":"","format":"standard","meta":{"footnotes":""},"categories":[9566],"tags":[1111,11,2430,1777,674,1011,27,2731,12,2308,25,68796],"class_list":{"0":"post-597391","1":"post","2":"type-post","3":"status-publish","4":"format-standard","5":"has-post-thumbnail","7":"category-grenoble","8":"tag-actu","9":"tag-actualites","10":"tag-auvergne-rhone-alpes","11":"tag-eu","12":"tag-europe","13":"tag-fr","14":"tag-france","15":"tag-grenoble","16":"tag-news","17":"tag-pro-d2","18":"tag-republique-francaise","19":"tag-rugby-u00e0-xv"},"share_on_mastodon":{"url":"https:\/\/pubeurope.com\/@fr\/115714212649253679","error":""},"_links":{"self":[{"href":"https:\/\/www.europesays.com\/fr\/wp-json\/wp\/v2\/posts\/597391","targetHints":{"allow":["GET"]}}],"collection":[{"href":"https:\/\/www.europesays.com\/fr\/wp-json\/wp\/v2\/posts"}],"about":[{"href":"https:\/\/www.europesays.com\/fr\/wp-json\/wp\/v2\/types\/post"}],"author":[{"embeddable":true,"href":"https:\/\/www.europesays.com\/fr\/wp-json\/wp\/v2\/users\/2"}],"replies":[{"embeddable":true,"href":"https:\/\/www.europesays.com\/fr\/wp-json\/wp\/v2\/comments?post=597391"}],"version-history":[{"count":0,"href":"https:\/\/www.europesays.com\/fr\/wp-json\/wp\/v2\/posts\/597391\/revisions"}],"wp:featuredmedia":[{"embeddable":true,"href":"https:\/\/www.europesays.com\/fr\/wp-json\/wp\/v2\/media\/597392"}],"wp:attachment":[{"href":"https:\/\/www.europesays.com\/fr\/wp-json\/wp\/v2\/media?parent=597391"}],"wp:term":[{"taxonomy":"category","embeddable":true,"href":"https:\/\/www.europesays.com\/fr\/wp-json\/wp\/v2\/categories?post=597391"},{"taxonomy":"post_tag","embeddable":true,"href":"https:\/\/www.europesays.com\/fr\/wp-json\/wp\/v2\/tags?post=597391"}],"curies":[{"name":"wp","href":"https:\/\/api.w.org\/{rel}","templated":true}]}}