{"id":597397,"date":"2025-12-13T20:51:26","date_gmt":"2025-12-13T20:51:26","guid":{"rendered":"https:\/\/www.europesays.com\/fr\/597397\/"},"modified":"2025-12-13T20:51:26","modified_gmt":"2025-12-13T20:51:26","slug":"strasbourg-le-conseil-local-de-sante-mentale-devoile-ses-projets","status":"publish","type":"post","link":"https:\/\/www.europesays.com\/fr\/597397\/","title":{"rendered":"Strasbourg. Le conseil local de sant\u00e9 mentale d\u00e9voile ses projets"},"content":{"rendered":"<p>La s\u00e9ance, pr\u00e9sid\u00e9e par le Dr Alexandre Feltz, adjoint \u00e0 la maire en charge de la sant\u00e9 publique, s\u2019est d\u00e9roul\u00e9e en pr\u00e9sence de Marilyne Poulain, pr\u00e9f\u00e8te d\u00e9l\u00e9gu\u00e9e \u00e0 l\u2019\u00e9galit\u00e9 des chances, illustrant l\u2019implication grandissante des institutions. Les acteurs du CLSM ont soulign\u00e9 les r\u00e9ussites de l\u2019ann\u00e9e, destin\u00e9es \u00e0 \u00eatre reconduites, comme la Semaine d\u2019information sur la sant\u00e9 mentale organis\u00e9e en octobre ou la premi\u00e8re Vague orange, marche de sensibilisation d\u00e9di\u00e9e au trouble borderline.<\/p>\n<p>D\u00e9sengorger l\u2019h\u00f4pital et les centres&#8230;                        <\/p>\n","protected":false},"excerpt":{"rendered":"La s\u00e9ance, pr\u00e9sid\u00e9e par le Dr Alexandre Feltz, adjoint \u00e0 la maire en charge de la sant\u00e9 publique,&hellip;\n","protected":false},"author":2,"featured_media":597398,"comment_status":"","ping_status":"","sticky":false,"template":"","format":"standard","meta":{"footnotes":""},"categories":[2820],"tags":[1111,11,2880,1777,674,1011,27,775,12,25,71,640,2879],"class_list":{"0":"post-597397","1":"post","2":"type-post","3":"status-publish","4":"format-standard","5":"has-post-thumbnail","7":"category-strasbourg","8":"tag-actu","9":"tag-actualites","10":"tag-edition-strasbourg","11":"tag-eu","12":"tag-europe","13":"tag-fr","14":"tag-france","15":"tag-grand-est","16":"tag-news","17":"tag-republique-francaise","18":"tag-sante","19":"tag-strasbourg","20":"tag-strasbourg-ville"},"share_on_mastodon":{"url":"https:\/\/pubeurope.com\/@fr\/115714240363146181","error":""},"_links":{"self":[{"href":"https:\/\/www.europesays.com\/fr\/wp-json\/wp\/v2\/posts\/597397","targetHints":{"allow":["GET"]}}],"collection":[{"href":"https:\/\/www.europesays.com\/fr\/wp-json\/wp\/v2\/posts"}],"about":[{"href":"https:\/\/www.europesays.com\/fr\/wp-json\/wp\/v2\/types\/post"}],"author":[{"embeddable":true,"href":"https:\/\/www.europesays.com\/fr\/wp-json\/wp\/v2\/users\/2"}],"replies":[{"embeddable":true,"href":"https:\/\/www.europesays.com\/fr\/wp-json\/wp\/v2\/comments?post=597397"}],"version-history":[{"count":0,"href":"https:\/\/www.europesays.com\/fr\/wp-json\/wp\/v2\/posts\/597397\/revisions"}],"wp:featuredmedia":[{"embeddable":true,"href":"https:\/\/www.europesays.com\/fr\/wp-json\/wp\/v2\/media\/597398"}],"wp:attachment":[{"href":"https:\/\/www.europesays.com\/fr\/wp-json\/wp\/v2\/media?parent=597397"}],"wp:term":[{"taxonomy":"category","embeddable":true,"href":"https:\/\/www.europesays.com\/fr\/wp-json\/wp\/v2\/categories?post=597397"},{"taxonomy":"post_tag","embeddable":true,"href":"https:\/\/www.europesays.com\/fr\/wp-json\/wp\/v2\/tags?post=597397"}],"curies":[{"name":"wp","href":"https:\/\/api.w.org\/{rel}","templated":true}]}}