{"id":597403,"date":"2025-12-13T20:54:13","date_gmt":"2025-12-13T20:54:13","guid":{"rendered":"https:\/\/www.europesays.com\/fr\/597403\/"},"modified":"2025-12-13T20:54:13","modified_gmt":"2025-12-13T20:54:13","slug":"poitiers-perd-son-bras-de-fer-face-a-nice","status":"publish","type":"post","link":"https:\/\/www.europesays.com\/fr\/597403\/","title":{"rendered":"Poitiers perd son bras de fer face \u00e0 Nice"},"content":{"rendered":"<p><strong>Poitiers\u00a0&#8211; Nice\u00a0: 2-3<\/strong><\/p>\n<p>Restant sur deux succ\u00e8s en trois sets, <a target=\"_self\" href=\"https:\/\/www.lanouvellerepublique.fr\/poitiers\/msl-ce-match-va-beaucoup-nous-aider-apres-la-victoire-de-poitiers-a-paris-avant-la-coupe-d-europe-1765058774\" rel=\"noopener\">\u00e0 Paris<\/a> samedi dernier en MSL, puis contre le Panathina\u00efkos, mardi \u00e0 l\u2019Arena Futuroscope en 16e\u00a0de finale aller de la Coupe CEV, l\u2019Alterna Stade Poitevin Volley-Ball voulait rester sur cette dynamique ce samedi 13\u00a0d\u00e9cembre 2025 lors de la venue de Nice en championnat.<\/p>\n<p>D\u00e9j\u00e0 priv\u00e9s du passeur Anatole Chaboissant (tibia), dont le retour \u00e0 la comp\u00e9tition devrait se faire en janvier, les Poitevins n\u2019ont pas pu compter sur Lukas Maase face aux Azur\u00e9ens. En forme ces derni\u00e8res semaines, \u00e9lu meilleur joueur de la rencontre face au Panathina\u00efkos, le central allemand souffre d\u2019une l\u00e9sion \u00e0 l\u2019\u00e9paule droite depuis plusieurs jours. Il est d\u2019ores et d\u00e9j\u00e0 forfait pour les d\u00e9placements de la semaine \u00e0 Paris, mardi, en Coupe de France, puis \u00e0 Ajaccio, samedi, en championnat.<\/p>\n<p>Face \u00e0 des Ni\u00e7ois tr\u00e8s solides au service, les hommes de Dan Lewis souffraient en r\u00e9ception et perdaient logiquement les deux premiers sets (23-25, 19-25).<\/p>\n<p>La fin de la troisi\u00e8me manche \u00e9tait tr\u00e8s tendue. Poitiers se procurait d\u2019abord deux balles de set (24-22) puis une troisi\u00e8me (25-24). Sauv\u00e9es par Nice, l\u2019\u00e9quipe entra\u00een\u00e9e par Brice Donat, l\u2019ancien coach de l\u2019Alterna Stade Poitevin Volley-Ball. Les visiteurs \u00e9taient alors proches de conclure avec trois balles de match. Mais les locaux avaient du r\u00e9pondant et se relan\u00e7aient (30-28).<\/p>\n<p>Dans le quatri\u00e8me acte, les partenaires de Franco Massimino relevaient leur niveau dans tous les secteurs (18-14). Les Ni\u00e7ois r\u00e9pliquaient en se montrant efficaces au block, mettant la pression sur des locaux multipliant les erreurs, et encha\u00eenaient six points cons\u00e9cutifs (18-20 puis 19-22). Mais Les Poitevins faisaient encore preuve de caract\u00e8re, inversaient la tendance en marquant eux aussi six points de rang et \u00e9galisaient \u00e0 deux manches partout apr\u00e8s un challenge vid\u00e9o interminable (25-22).<\/p>\n<p>Il fallait avoir recours au tie-break pour d\u00e9partager les deux \u00e9quipes. Un set d\u00e9cisif disput\u00e9 dans une salle Lawson-Body transform\u00e9 en chaudron et remport\u00e9 par\u00a0des Ni\u00e7ois impressionnants au block (12 sur la rencontre) et qui avaient le dernier mot (12-15).<\/p>\n<p>\u00a0<\/p>\n","protected":false},"excerpt":{"rendered":"Poitiers\u00a0&#8211; Nice\u00a0: 2-3 Restant sur deux succ\u00e8s en trois sets, \u00e0 Paris samedi dernier en MSL, puis contre&hellip;\n","protected":false},"author":2,"featured_media":597404,"comment_status":"","ping_status":"","sticky":false,"template":"","format":"standard","meta":{"footnotes":""},"categories":[2819],"tags":[1392,1111,11,1654,1777,674,1011,27,1655,12,2401,1653,882,25,60,1584,1470],"class_list":{"0":"post-597403","1":"post","2":"type-post","3":"status-publish","4":"format-standard","5":"has-post-thumbnail","7":"category-nice","8":"tag-a-la-une-local","9":"tag-actu","10":"tag-actualites","11":"tag-alterna-stade-poitevin-volley-ball","12":"tag-eu","13":"tag-europe","14":"tag-fr","15":"tag-france","16":"tag-ligue-a","17":"tag-news","18":"tag-nice","19":"tag-poitiers","20":"tag-provence-alpes-cote-dazur","21":"tag-republique-francaise","22":"tag-sports","23":"tag-vienne","24":"tag-volley"},"share_on_mastodon":{"url":"https:\/\/pubeurope.com\/@fr\/115714252101229579","error":""},"_links":{"self":[{"href":"https:\/\/www.europesays.com\/fr\/wp-json\/wp\/v2\/posts\/597403","targetHints":{"allow":["GET"]}}],"collection":[{"href":"https:\/\/www.europesays.com\/fr\/wp-json\/wp\/v2\/posts"}],"about":[{"href":"https:\/\/www.europesays.com\/fr\/wp-json\/wp\/v2\/types\/post"}],"author":[{"embeddable":true,"href":"https:\/\/www.europesays.com\/fr\/wp-json\/wp\/v2\/users\/2"}],"replies":[{"embeddable":true,"href":"https:\/\/www.europesays.com\/fr\/wp-json\/wp\/v2\/comments?post=597403"}],"version-history":[{"count":0,"href":"https:\/\/www.europesays.com\/fr\/wp-json\/wp\/v2\/posts\/597403\/revisions"}],"wp:featuredmedia":[{"embeddable":true,"href":"https:\/\/www.europesays.com\/fr\/wp-json\/wp\/v2\/media\/597404"}],"wp:attachment":[{"href":"https:\/\/www.europesays.com\/fr\/wp-json\/wp\/v2\/media?parent=597403"}],"wp:term":[{"taxonomy":"category","embeddable":true,"href":"https:\/\/www.europesays.com\/fr\/wp-json\/wp\/v2\/categories?post=597403"},{"taxonomy":"post_tag","embeddable":true,"href":"https:\/\/www.europesays.com\/fr\/wp-json\/wp\/v2\/tags?post=597403"}],"curies":[{"name":"wp","href":"https:\/\/api.w.org\/{rel}","templated":true}]}}