{"id":597405,"date":"2025-12-13T20:55:31","date_gmt":"2025-12-13T20:55:31","guid":{"rendered":"https:\/\/www.europesays.com\/fr\/597405\/"},"modified":"2025-12-13T20:55:31","modified_gmt":"2025-12-13T20:55:31","slug":"saint-sebastien-sur-loire-des-jeunes-rugbymen-solidaires-et-genereux","status":"publish","type":"post","link":"https:\/\/www.europesays.com\/fr\/597405\/","title":{"rendered":"Saint-S\u00e9bastien-sur-Loire. Des jeunes rugbymen solidaires et g\u00e9n\u00e9reux"},"content":{"rendered":"<p>Avant d\u2019aller \u00e0 l\u2019entra\u00eenement, les jeunes de l\u2019\u00e9cole de rugby ont pos\u00e9 pour la photo, contents de montrer leur g\u00e9n\u00e9rosit\u00e9 dans le cadre\u00a0de l\u2019op\u00e9ration \u00ab\u00a0Les S\u00e9bastiennais ont du c\u0153ur\u00a0\u00bb. En effet, au bilan, ce sont deux cents\u00a0jouets pour\u00a0les enfants\u00a0\u00e2g\u00e9s de 3 \u00e0 6\u00a0ans, cinquante\u00a0peluches et cent\u00a0livres qui feront la joie des enfants plus d\u00e9favoris\u00e9s.<\/p>\n<p>Thomas Boucher, le maire, en pr\u00e9sence de Lo\u00efc Peyrot, pr\u00e9sident du club de rugby, a salu\u00e9 la g\u00e9n\u00e9rosit\u00e9 de la communaut\u00e9 rugby s\u00e9bastiennaise.<\/p>\n<p>L\u2019\u00e9cole de rugby accueille 160\u00a0jeunes et au total le club recense 400\u00a0licenci\u00e9s.<\/p>\n<p>\u00a0<\/p>\n","protected":false},"excerpt":{"rendered":"Avant d\u2019aller \u00e0 l\u2019entra\u00eenement, les jeunes de l\u2019\u00e9cole de rugby ont pos\u00e9 pour la photo, contents de montrer&hellip;\n","protected":false},"author":2,"featured_media":597406,"comment_status":"","ping_status":"","sticky":false,"template":"","format":"standard","meta":{"footnotes":""},"categories":[2818],"tags":[1111,11,1777,674,1011,27,71017,4074,766,12,2636,25,71016,3272,3524,11665],"class_list":{"0":"post-597405","1":"post","2":"type-post","3":"status-publish","4":"format-standard","5":"has-post-thumbnail","7":"category-nantes","8":"tag-actu","9":"tag-actualites","10":"tag-eu","11":"tag-europe","12":"tag-fr","13":"tag-france","14":"tag-genereux","15":"tag-jeunes","16":"tag-nantes","17":"tag-news","18":"tag-pays-de-la-loire","19":"tag-republique-francaise","20":"tag-rugbymen","21":"tag-saint-nazaire","22":"tag-saint-sebastien-sur-loire","23":"tag-solidaires"},"share_on_mastodon":{"url":"https:\/\/pubeurope.com\/@fr\/115714256105676366","error":""},"_links":{"self":[{"href":"https:\/\/www.europesays.com\/fr\/wp-json\/wp\/v2\/posts\/597405","targetHints":{"allow":["GET"]}}],"collection":[{"href":"https:\/\/www.europesays.com\/fr\/wp-json\/wp\/v2\/posts"}],"about":[{"href":"https:\/\/www.europesays.com\/fr\/wp-json\/wp\/v2\/types\/post"}],"author":[{"embeddable":true,"href":"https:\/\/www.europesays.com\/fr\/wp-json\/wp\/v2\/users\/2"}],"replies":[{"embeddable":true,"href":"https:\/\/www.europesays.com\/fr\/wp-json\/wp\/v2\/comments?post=597405"}],"version-history":[{"count":0,"href":"https:\/\/www.europesays.com\/fr\/wp-json\/wp\/v2\/posts\/597405\/revisions"}],"wp:featuredmedia":[{"embeddable":true,"href":"https:\/\/www.europesays.com\/fr\/wp-json\/wp\/v2\/media\/597406"}],"wp:attachment":[{"href":"https:\/\/www.europesays.com\/fr\/wp-json\/wp\/v2\/media?parent=597405"}],"wp:term":[{"taxonomy":"category","embeddable":true,"href":"https:\/\/www.europesays.com\/fr\/wp-json\/wp\/v2\/categories?post=597405"},{"taxonomy":"post_tag","embeddable":true,"href":"https:\/\/www.europesays.com\/fr\/wp-json\/wp\/v2\/tags?post=597405"}],"curies":[{"name":"wp","href":"https:\/\/api.w.org\/{rel}","templated":true}]}}