{"id":597407,"date":"2025-12-13T20:56:20","date_gmt":"2025-12-13T20:56:20","guid":{"rendered":"https:\/\/www.europesays.com\/fr\/597407\/"},"modified":"2025-12-13T20:56:20","modified_gmt":"2025-12-13T20:56:20","slug":"il-y-avait-du-coeur-il-manquait-les-jambes-et-les-poumons-pour-poitiers-apres-sa-defaite-a-nantes","status":"publish","type":"post","link":"https:\/\/www.europesays.com\/fr\/597407\/","title":{"rendered":"\u00ab\u00a0Il y avait du c\u0153ur, il manquait les jambes et les poumons\u00a0\u00bb pour Poitiers apr\u00e8s sa d\u00e9faite \u00e0 Nantes"},"content":{"rendered":"<p>Il avait la mine d\u00e9confite de ceux qui sortent d\u2019une tornade sans tout comprendre aux intemp\u00e9ries venant de s\u2019abattre. Aur\u00e8le Brena-Chemille, seulement quelques instants apr\u00e8s le coup de sifflet final scellant la d\u00e9faite du Poitiers Basket 86 \u00e0 Nantes (81-76), ne cachait pas \u00eatre encore dans le brouillard des quarante minutes pass\u00e9es sur le parquet nantais. \u00ab\u00a0C\u2019est vraiment tr\u00e8s compliqu\u00e9 \u00e0 chaud car, apr\u00e8s la grosse frustration de notre court revers \u00e0 Blois apr\u00e8s s\u2019\u00eatre \u00e2prement battus on y croyait jusqu\u2019au\u00a0\u00bb, soupirait le jeune arri\u00e8re en jetant un coup d\u2019\u0153il aux statistiques\u2026 avec une sacr\u00e9e grimace sur les pourcentages au shoot&#8230;. <\/p>\n<p>    Cet article a \u00e9t\u00e9 tronqu\u00e9. Abonnez-vous pour lire l&rsquo;article complet sur notre site.<\/p>\n<p style=\"margin: 0 !important; padding: 0 !important; font-size: 12px !important;\">Cet article a \u00e9t\u00e9 tronqu\u00e9. Abonnez-vous pour lire l&rsquo;article complet.<\/p>\n<p>    <a href=\"https:\/\/www.lanouvellerepublique.fr\/abonnements\" style=\"display: inline-block; margin-top: 5px !important; padding: 6px 12px !important; background: #cb1c27; color: white; text-decoration: none; border-radius: 4px; font-size: 12px !important;\" target=\"_blank\" rel=\"noopener\"><br \/>\n      S&rsquo;abonner<br \/>\n    <\/a><\/p>\n","protected":false},"excerpt":{"rendered":"Il avait la mine d\u00e9confite de ceux qui sortent d\u2019une tornade sans tout comprendre aux intemp\u00e9ries venant de&hellip;\n","protected":false},"author":2,"featured_media":597408,"comment_status":"","ping_status":"","sticky":false,"template":"","format":"standard","meta":{"footnotes":""},"categories":[2818],"tags":[1392,1111,11,1465,7944,1777,674,1011,27,766,12,2636,1653,13224,25,60,1584],"class_list":{"0":"post-597407","1":"post","2":"type-post","3":"status-publish","4":"format-standard","5":"has-post-thumbnail","7":"category-nantes","8":"tag-a-la-une-local","9":"tag-actu","10":"tag-actualites","11":"tag-basket","12":"tag-elite-2","13":"tag-eu","14":"tag-europe","15":"tag-fr","16":"tag-france","17":"tag-nantes","18":"tag-news","19":"tag-pays-de-la-loire","20":"tag-poitiers","21":"tag-poitiers-basket-86","22":"tag-republique-francaise","23":"tag-sports","24":"tag-vienne"},"share_on_mastodon":{"url":"https:\/\/pubeurope.com\/@fr\/115714260048411073","error":""},"_links":{"self":[{"href":"https:\/\/www.europesays.com\/fr\/wp-json\/wp\/v2\/posts\/597407","targetHints":{"allow":["GET"]}}],"collection":[{"href":"https:\/\/www.europesays.com\/fr\/wp-json\/wp\/v2\/posts"}],"about":[{"href":"https:\/\/www.europesays.com\/fr\/wp-json\/wp\/v2\/types\/post"}],"author":[{"embeddable":true,"href":"https:\/\/www.europesays.com\/fr\/wp-json\/wp\/v2\/users\/2"}],"replies":[{"embeddable":true,"href":"https:\/\/www.europesays.com\/fr\/wp-json\/wp\/v2\/comments?post=597407"}],"version-history":[{"count":0,"href":"https:\/\/www.europesays.com\/fr\/wp-json\/wp\/v2\/posts\/597407\/revisions"}],"wp:featuredmedia":[{"embeddable":true,"href":"https:\/\/www.europesays.com\/fr\/wp-json\/wp\/v2\/media\/597408"}],"wp:attachment":[{"href":"https:\/\/www.europesays.com\/fr\/wp-json\/wp\/v2\/media?parent=597407"}],"wp:term":[{"taxonomy":"category","embeddable":true,"href":"https:\/\/www.europesays.com\/fr\/wp-json\/wp\/v2\/categories?post=597407"},{"taxonomy":"post_tag","embeddable":true,"href":"https:\/\/www.europesays.com\/fr\/wp-json\/wp\/v2\/tags?post=597407"}],"curies":[{"name":"wp","href":"https:\/\/api.w.org\/{rel}","templated":true}]}}