{"id":597416,"date":"2025-12-13T21:03:20","date_gmt":"2025-12-13T21:03:20","guid":{"rendered":"https:\/\/www.europesays.com\/fr\/597416\/"},"modified":"2025-12-13T21:03:20","modified_gmt":"2025-12-13T21:03:20","slug":"inauguration-dun-nouveau-jardin-a-lille-en-presence-de-line-renaud","status":"publish","type":"post","link":"https:\/\/www.europesays.com\/fr\/597416\/","title":{"rendered":"Inauguration d&rsquo;un nouveau jardin \u00e0 Lille en pr\u00e9sence de Line Renaud"},"content":{"rendered":"<p style=\"text-align: justify;\"><strong>Mercredi 17 d\u00e9cembre 2025 \u00e0 15h, Arnaud Deslandes<\/strong> (Maire de Lille), <strong>Martine Aubr<\/strong><strong>y<\/strong> (Maire Honoraire de Lille), ainsi que<strong> Line Renaud<\/strong> vous convient \u00e0 <strong>l\u2019inauguration du jardin Line Renaud,<\/strong> situ\u00e9 au <strong>20 rue Saint-Jacques.<\/strong> <strong>L\u2019inauguration du jardin Line Renaud<\/strong> <strong>rend hommage<\/strong> \u00e0 la <strong>grande dame du Nord, <\/strong>dont le <strong>parcours artistique, <\/strong>les <strong>engagements,<\/strong> la <strong>g\u00e9n\u00e9rosit\u00e9<\/strong> et le <strong>lien fid\u00e8le avec la r\u00e9gion<\/strong> ont <strong>travers\u00e9 les \u00e9poques <\/strong>et <strong>touch\u00e9 toutes les g\u00e9n\u00e9rations.<\/strong><\/p>\n<p style=\"text-align: justify;\">Le jardin Line Renaud<br \/>La <strong>Ville de Lille<\/strong> a <strong>d\u00e9moli les anciens b\u00e2timents du Rectorat<\/strong> pour <strong>am\u00e9nager un grand espace vert <\/strong>de pr\u00e8s de <strong>6 000 m\u00b2,<\/strong> <strong>en plein c\u0153ur<\/strong> du <strong>Vieux-Lille,<\/strong> qui <strong>portera le nom<\/strong> de <strong>Line Renaud.<\/strong><\/p>\n<p style=\"text-align: justify;\"><strong>Dans le jardin :<\/strong> <br \/>\u2013 un <strong>nouvel espace clos <\/strong>et <strong>s\u00e9curis\u00e9,<\/strong><br \/>\u2013 une <strong>aire de jeux,<\/strong><br \/>\u2013 un <strong>verger d\u2019agr\u00e9ment,<\/strong><br \/>\u2013 une<strong> vaste pelouse libre, <\/strong><br \/>\u2013 un<strong> jardin avec des brumisateurs.<\/strong><\/p>\n<p style=\"text-align: justify;\">Le<strong> jardin du Rectorat dit \u00ab\u00a0Line Renaud\u00a0\u00bb<\/strong> (5.740 m\u00b2, num\u00e9ro 2 sur le plan), une <strong>liaison entre le<\/strong><strong> jardin de l\u2019Abreuvoir (3)<\/strong> et le<strong>\u00a0square Carnot \u2013 jardin des Arts<\/strong> <strong>(1).<\/strong> L\u2019ensemble fait pr\u00e8s de <strong>11 000 m\u00b2.<\/strong><\/p>\n<p><img loading=\"lazy\" decoding=\"async\" width=\"544\" height=\"676\" src=\"https:\/\/www.europesays.com\/fr\/wp-content\/uploads\/2025\/12\/plan_jardins.jpg\" alt=\"\" class=\"wp-image-89304\"  \/><\/p>\n<p style=\"text-align: justify;\"><strong>Square Carnot \/ Jardin des Arts (1)<\/strong><br \/>\u2013 un<strong> jardin ouvert<\/strong> <strong>en entr\u00e9e vers le Vieux-Lille,<\/strong><br \/>\u2013 <strong>maintien de l\u2019acc\u00e8s au parking de l\u2019Op\u00e9ra,<\/strong><br \/>\u2013 une <strong>station V\u2019Lille<\/strong> et des <strong>arceaux v\u00e9los.<\/strong><\/p>\n<p><strong>Jardin de l\u2019Abreuvoir (3) :<\/strong> <br \/>\u2013 un<strong> jardin clos<\/strong> et<strong> s\u00e9curis\u00e9,<\/strong><br \/>\u2013 un <strong>espace intimiste <\/strong>et<strong> apais\u00e9,<\/strong><br \/>\u2013 une <strong>pelouse libre<\/strong> et<strong> appropriable,<\/strong><br \/>\u2013 des <strong>grumes<\/strong> comme<strong> terrain d\u2019aventure pour les tout petits.<\/strong><\/p>\n<p><strong>Projets voisins :<\/strong> la <strong>rue Saint-Jacques<\/strong> (travaux fin 2025), et la<strong> rue des Jardins<\/strong> (\u00e9tudes men\u00e9es en 2025\/2026), en <strong>4 sur le plan.<\/strong><\/p>\n<p class=\"has-text-align-right\">Source \/ Images : DR \u2013 \u00a9 Ville de Lille<\/p>\n","protected":false},"excerpt":{"rendered":"Mercredi 17 d\u00e9cembre 2025 \u00e0 15h, Arnaud Deslandes (Maire de Lille), Martine Aubry (Maire Honoraire de Lille), ainsi&hellip;\n","protected":false},"author":2,"featured_media":597417,"comment_status":"","ping_status":"","sticky":false,"template":"","format":"standard","meta":{"footnotes":""},"categories":[2815],"tags":[1111,11,59507,54232,35417,4813,1777,674,1011,27,811,7938,3354,1307,18994,15626,12,12250,25],"class_list":{"0":"post-597416","1":"post","2":"type-post","3":"status-publish","4":"format-standard","5":"has-post-thumbnail","7":"category-lille","8":"tag-actu","9":"tag-actualites","10":"tag-aire-de-jeux","11":"tag-arnaud-deslandes","12":"tag-brumisateurs","13":"tag-espace-vert","14":"tag-eu","15":"tag-europe","16":"tag-fr","17":"tag-france","18":"tag-hauts-de-france","19":"tag-inauguration","20":"tag-jardin","21":"tag-lille","22":"tag-line-renaud","23":"tag-martine-aubry","24":"tag-news","25":"tag-pelouse","26":"tag-republique-francaise"},"share_on_mastodon":{"url":"https:\/\/pubeurope.com\/@fr\/115714288773989564","error":""},"_links":{"self":[{"href":"https:\/\/www.europesays.com\/fr\/wp-json\/wp\/v2\/posts\/597416","targetHints":{"allow":["GET"]}}],"collection":[{"href":"https:\/\/www.europesays.com\/fr\/wp-json\/wp\/v2\/posts"}],"about":[{"href":"https:\/\/www.europesays.com\/fr\/wp-json\/wp\/v2\/types\/post"}],"author":[{"embeddable":true,"href":"https:\/\/www.europesays.com\/fr\/wp-json\/wp\/v2\/users\/2"}],"replies":[{"embeddable":true,"href":"https:\/\/www.europesays.com\/fr\/wp-json\/wp\/v2\/comments?post=597416"}],"version-history":[{"count":0,"href":"https:\/\/www.europesays.com\/fr\/wp-json\/wp\/v2\/posts\/597416\/revisions"}],"wp:featuredmedia":[{"embeddable":true,"href":"https:\/\/www.europesays.com\/fr\/wp-json\/wp\/v2\/media\/597417"}],"wp:attachment":[{"href":"https:\/\/www.europesays.com\/fr\/wp-json\/wp\/v2\/media?parent=597416"}],"wp:term":[{"taxonomy":"category","embeddable":true,"href":"https:\/\/www.europesays.com\/fr\/wp-json\/wp\/v2\/categories?post=597416"},{"taxonomy":"post_tag","embeddable":true,"href":"https:\/\/www.europesays.com\/fr\/wp-json\/wp\/v2\/tags?post=597416"}],"curies":[{"name":"wp","href":"https:\/\/api.w.org\/{rel}","templated":true}]}}