{"id":597418,"date":"2025-12-13T21:04:11","date_gmt":"2025-12-13T21:04:11","guid":{"rendered":"https:\/\/www.europesays.com\/fr\/597418\/"},"modified":"2025-12-13T21:04:11","modified_gmt":"2025-12-13T21:04:11","slug":"le-parti-generation-s-soutient-a-son-tour-le-printemps-marseillais","status":"publish","type":"post","link":"https:\/\/www.europesays.com\/fr\/597418\/","title":{"rendered":"le parti G\u00e9n\u00e9ration-s soutient \u00e0 son tour le Printemps marseillais"},"content":{"rendered":"<p>Apr\u00e8s le PS, le PCF, EELV ou encore Mad Mars, c\u2019est au tour de G\u00e9n\u00e9ration-s de rempiler. Les militants marseillais du parti <a href=\"https:\/\/www.laprovence.com\/article\/economie\/21782960354338\/legislatives-pour-benoit-hamon-voter-pour-l-extreme-droite-est-un-saut-dans-le-vide\" target=\"_blank\" rel=\"noopener\">fond\u00e9 par Beno\u00eet Hamon<\/a>, candidat socialiste \u00e0 la pr\u00e9sidentielle 2017 (6,36%), ont approuv\u00e9 ce vendredi 12\u00a0d\u00e9cembre le soutien au Printemps marseillais en vue des municipales de mars\u00a02026.<\/p>\n<p>G\u00e9n\u00e9ration-s fait d\u00e9j\u00e0 partie de la coalition de gauche aux manettes de la mairie de Marseille depuis cinq ans, notamment \u00e0 travers l\u2019adjoint au maire charg\u00e9 de l\u2019\u00e9ducation, Pierre Huguet, \u00e9galement <a href=\"https:\/\/www.laprovence.com\/article\/politique\/2551903167794615\/au-printemps-marseillais-joel-canicave-passe-la-main-a-pierre-huguet\" target=\"_blank\" rel=\"noopener\">pr\u00e9sident du groupe Printemps marseillais<\/a> au conseil municipal.<\/p>\n<p>Pour \u00ab\u00a0poursuivre la transformation de Marseille engag\u00e9e en\u00a02020\u00a0\u00bb, G\u00e9n\u00e9ration-s Marseille formule une s\u00e9rie de propositions, notamment \u00ab\u00a0la refonte de la gouvernance m\u00e9tropolitaine\u00a0\u00bb, \u00ab\u00a0l\u2019exp\u00e9rimentation d\u2019une s\u00e9curit\u00e9 sociale de l\u2019alimentation\u00a0\u00bb ou encore \u00ab\u00a0la gratuit\u00e9 progressive de la cantine scolaire\u00a0\u00bb.<\/p>\n<p>Hasard du calendrier, Beno\u00eet Hamon, aujourd\u2019hui retir\u00e9 de la vie politique et <a href=\"https:\/\/www.laprovence.com\/article\/economie\/2302347519808314\/benoit-hamon-elu-a-la-tete-dess-france\" target=\"_blank\" rel=\"noopener\">pr\u00e9sident d\u2019ESS France<\/a>, est selon nos informations \u00e0 Marseille ce samedi 13\u00a0d\u00e9cembre. Il devait notamment rencontrer le maire de Marseille, Beno\u00eet Payan.<\/p>\n","protected":false},"excerpt":{"rendered":"Apr\u00e8s le PS, le PCF, EELV ou encore Mad Mars, c\u2019est au tour de G\u00e9n\u00e9ration-s de rempiler. Les&hellip;\n","protected":false},"author":2,"featured_media":597419,"comment_status":"","ping_status":"","sticky":false,"template":"","format":"standard","meta":{"footnotes":""},"categories":[2814],"tags":[17,1111,11,5949,1777,674,1011,27,70454,884,3434,12,13695,882,25,3711,47163,3584],"class_list":{"0":"post-597418","1":"post","2":"type-post","3":"status-publish","4":"format-standard","5":"has-post-thumbnail","7":"category-marseille","8":"tag-17","9":"tag-actu","10":"tag-actualites","11":"tag-elections","12":"tag-eu","13":"tag-europe","14":"tag-fr","15":"tag-france","16":"tag-generation-s","17":"tag-marseille","18":"tag-municipales-2026","19":"tag-news","20":"tag-parti","21":"tag-provence-alpes-cote-dazur","22":"tag-republique-francaise","23":"tag-son","24":"tag-soutient","25":"tag-tour"},"share_on_mastodon":{"url":"https:\/\/pubeurope.com\/@fr\/115714291804293592","error":""},"_links":{"self":[{"href":"https:\/\/www.europesays.com\/fr\/wp-json\/wp\/v2\/posts\/597418","targetHints":{"allow":["GET"]}}],"collection":[{"href":"https:\/\/www.europesays.com\/fr\/wp-json\/wp\/v2\/posts"}],"about":[{"href":"https:\/\/www.europesays.com\/fr\/wp-json\/wp\/v2\/types\/post"}],"author":[{"embeddable":true,"href":"https:\/\/www.europesays.com\/fr\/wp-json\/wp\/v2\/users\/2"}],"replies":[{"embeddable":true,"href":"https:\/\/www.europesays.com\/fr\/wp-json\/wp\/v2\/comments?post=597418"}],"version-history":[{"count":0,"href":"https:\/\/www.europesays.com\/fr\/wp-json\/wp\/v2\/posts\/597418\/revisions"}],"wp:featuredmedia":[{"embeddable":true,"href":"https:\/\/www.europesays.com\/fr\/wp-json\/wp\/v2\/media\/597419"}],"wp:attachment":[{"href":"https:\/\/www.europesays.com\/fr\/wp-json\/wp\/v2\/media?parent=597418"}],"wp:term":[{"taxonomy":"category","embeddable":true,"href":"https:\/\/www.europesays.com\/fr\/wp-json\/wp\/v2\/categories?post=597418"},{"taxonomy":"post_tag","embeddable":true,"href":"https:\/\/www.europesays.com\/fr\/wp-json\/wp\/v2\/tags?post=597418"}],"curies":[{"name":"wp","href":"https:\/\/api.w.org\/{rel}","templated":true}]}}