{"id":597422,"date":"2025-12-13T21:06:26","date_gmt":"2025-12-13T21:06:26","guid":{"rendered":"https:\/\/www.europesays.com\/fr\/597422\/"},"modified":"2025-12-13T21:06:26","modified_gmt":"2025-12-13T21:06:26","slug":"politique-pour-paul-bacot-le-pouvoir-strategique-est-metropolitain-celui-du-maire-de-lyon-est-bien-plus-limite","status":"publish","type":"post","link":"https:\/\/www.europesays.com\/fr\/597422\/","title":{"rendered":"Politique. Pour Paul Bacot, \u00ab le pouvoir strat\u00e9gique est m\u00e9tropolitain\u00a0\u00bb, celui du maire de Lyon est \u00ab\u00a0bien plus limit\u00e9\u00a0\u00bb"},"content":{"rendered":"<p>Paul Bacot, professeur des universit\u00e9s honoraire en science politique, vient de publier un ouvrage intitul\u00e9 La m\u00e9tropole de Lyon et les \u00e9lections m\u00e9tropolitaines 2026. Dix ans apr\u00e8s sa cr\u00e9ation, la collectivit\u00e9 demeure une institution puissante mais mal identifi\u00e9e, tandis que la mairie de Lyon reste symboliquement dominante malgr\u00e9 un pouvoir r\u00e9duit. \u00c0 l\u2019approche d\u2019un scrutin complexe, marqu\u00e9 par une r\u00e9forme \u00e9lectorale et de fortes incertitudes sur la participation, il d\u00e9crypte les enjeux.<\/p>\n<blockquote class=\"question\"><p>Selon vous, pourquoi les habitants connaissent-ils encore si mal la m\u00e9tropole de Lyon, comme collectivit\u00e9\u00a0?<\/p><\/blockquote>\n<p><strong>Paul Bacot<\/strong> \u00a0: \u00ab\u00a0La raison principale, c\u2019est que la m\u00e9tropole est tr\u00e8s r\u00e9cente\u00a0: <a href=\"https:\/\/www.grandlyon.com\/actualite\/la-metropole-de-lyon-fete-ses-10-ans\" target=\"_blank\" rel=\"noopener\">seulement dix ans d\u2019existence<\/a>, et ce\u00a0n\u2019est que la deuxi\u00e8me fois que les \u00e9lecteurs voteront directement pour ses conseillers. S\u2019ajoute le fait qu\u2019il s\u2019agit d\u2019une collectivit\u00e9 absolument unique en France, avec des r\u00e8gles particuli\u00e8res et un syst\u00e8me \u00e9lectoral complexe. Rien d\u2019\u00e9tonnant \u00e0 ce qu\u2019elle soit difficile \u00e0&#8230;<\/p>\n","protected":false},"excerpt":{"rendered":"Paul Bacot, professeur des universit\u00e9s honoraire en science politique, vient de publier un ouvrage intitul\u00e9 La m\u00e9tropole de&hellip;\n","protected":false},"author":2,"featured_media":597423,"comment_status":"","ping_status":"","sticky":false,"template":"","format":"standard","meta":{"footnotes":""},"categories":[1889],"tags":[1111,11,2430,3152,2757,3153,3154,36284,4188,1777,674,107,1011,27,2428,2756,12,316,25,2429,4604,273],"class_list":{"0":"post-597422","1":"post","2":"type-post","3":"status-publish","4":"format-standard","5":"has-post-thumbnail","7":"category-lyon","8":"tag-actu","9":"tag-actualites","10":"tag-auvergne-rhone-alpes","11":"tag-edition-est-lyonnais","12":"tag-edition-lyon-villeurbanne","13":"tag-edition-ouest-lyonnais","14":"tag-edition-sud-lyonnais","15":"tag-elections-metropolitaines","16":"tag-elections-municipales","17":"tag-eu","18":"tag-europe","19":"tag-fil-info","20":"tag-fr","21":"tag-france","22":"tag-lyon","23":"tag-lyon-bassin","24":"tag-news","25":"tag-politique","26":"tag-republique-francaise","27":"tag-rhone","28":"tag-selection-abonne","29":"tag-selection-de-la-redaction"},"share_on_mastodon":{"url":"https:\/\/pubeurope.com\/@fr\/115714299284893085","error":""},"_links":{"self":[{"href":"https:\/\/www.europesays.com\/fr\/wp-json\/wp\/v2\/posts\/597422","targetHints":{"allow":["GET"]}}],"collection":[{"href":"https:\/\/www.europesays.com\/fr\/wp-json\/wp\/v2\/posts"}],"about":[{"href":"https:\/\/www.europesays.com\/fr\/wp-json\/wp\/v2\/types\/post"}],"author":[{"embeddable":true,"href":"https:\/\/www.europesays.com\/fr\/wp-json\/wp\/v2\/users\/2"}],"replies":[{"embeddable":true,"href":"https:\/\/www.europesays.com\/fr\/wp-json\/wp\/v2\/comments?post=597422"}],"version-history":[{"count":0,"href":"https:\/\/www.europesays.com\/fr\/wp-json\/wp\/v2\/posts\/597422\/revisions"}],"wp:featuredmedia":[{"embeddable":true,"href":"https:\/\/www.europesays.com\/fr\/wp-json\/wp\/v2\/media\/597423"}],"wp:attachment":[{"href":"https:\/\/www.europesays.com\/fr\/wp-json\/wp\/v2\/media?parent=597422"}],"wp:term":[{"taxonomy":"category","embeddable":true,"href":"https:\/\/www.europesays.com\/fr\/wp-json\/wp\/v2\/categories?post=597422"},{"taxonomy":"post_tag","embeddable":true,"href":"https:\/\/www.europesays.com\/fr\/wp-json\/wp\/v2\/tags?post=597422"}],"curies":[{"name":"wp","href":"https:\/\/api.w.org\/{rel}","templated":true}]}}