{"id":59743,"date":"2025-04-28T17:06:16","date_gmt":"2025-04-28T17:06:16","guid":{"rendered":"https:\/\/www.europesays.com\/fr\/59743\/"},"modified":"2025-04-28T17:06:16","modified_gmt":"2025-04-28T17:06:16","slug":"comment-marc-lavoine-a-ete-eleve-comme-une-fille","status":"publish","type":"post","link":"https:\/\/www.europesays.com\/fr\/59743\/","title":{"rendered":"comment Marc Lavoine a \u00e9t\u00e9 \u00e9lev\u00e9 comme une fille"},"content":{"rendered":"<p>Les souvenirs d&rsquo;enfance sont toujours d\u00e9terminants et ceux de Marc Lavoine sont particuli\u00e8rement forts. Invit\u00e9 de l&rsquo;\u00e9mission\u00a0<a class=\"link \" href=\"https:\/\/www.france.tv\/france-2\/un-dimanche-a-la-campagne\/toutes-les-videos\/?gad_source=1&amp;gbraid=0AAAAAD4epFKlJluWWolzEjvyFh_-6NHnU&amp;gclid=Cj0KCQjwzrzABhD8ARIsANlSWNOsfa4qu5xzE93Hpy24TWrU47UiEddwTrJMLk3kXnXLOODD4b5zz9caAji5EALw_wcB#at_medium=1&amp;at_platform=2&amp;at_offre=1&amp;at_campaign=francetv_dsa&amp;at_adgroup=global&amp;at_adgroupid=169070884525&amp;at_adid=721859886712&amp;at_term=\" rel=\"nofollow noopener\" target=\"_blank\" data-ylk=\"slk:Un dimanche \u00e0 la campagne sur France 2;elm:context_link;itc:0;sec:content-canvas\">Un dimanche \u00e0 la campagne sur France 2<\/a>, le chanteur est revenu sur les premi\u00e8res ann\u00e9es de sa vie au sein d&rsquo;un foyer modeste, dans la banlieue parisienne. Un p\u00e8re communiste employ\u00e9 aux PTT (Postes, t\u00e9l\u00e9communications et t\u00e9l\u00e9diffusion), une m\u00e8re secr\u00e9taire, il est le second de la fratrie mais n&rsquo;est pas forc\u00e9ment le bienvenu\u00a0\u00e0 sa naissance\u00a0: sa m\u00e8re Micheline r\u00eavait de pouponner une petite fille\u2026<\/p>\n<p>\u00ab\u00a0Elle avait d\u00e9j\u00e0 un gar\u00e7on et elle voulait une fille qui s&rsquo;appellerait Brigitte, explique <a class=\"link \" href=\"https:\/\/www.lepoint.fr\/people\/adriana-karembeu-et-marc-lavoine-officialisent-leur-relation-sur-le-tapis-rouge-20-09-2024-2570719_2116.php\" rel=\"nofollow noopener\" target=\"_blank\" data-ylk=\"slk:le compagnon d&#039;Adriana Karembeu;elm:context_link;itc:0;sec:content-canvas\">le compagnon d&rsquo;Adriana Karembeu<\/a>. Donc je suis arriv\u00e9 et elle a refus\u00e9 de me voir pendant un certain temps. Puis, au bout d&rsquo;une semaine, elle a accept\u00e9 de me voir, elle m&rsquo;a pris dans ses bras et ne m&rsquo;a plus jamais l\u00e2ch\u00e9.\u00a0\u00bb Le voil\u00e0 chouchout\u00e9 et couv\u00e9 par les femmes de la famille, sa m\u00e8re bien s\u00fbr, avec laquelle il va nouer une relation fusionnelle, mais aussi ses grands-m\u00e8res, sa tante Ninette\u00a0: il partage leur vie, fait la vaisselle, \u00e9coute leurs r\u00e9cits, les regarde faire de la couture \u2013 il conserve toujours comme une relique le d\u00e9 \u00e0 coudre de sa m\u00e8re\u2026<\/p>\n<p>\u00ab\u00a0Elle m&rsquo;a \u00e9lev\u00e9 comme une fille. Elle m&rsquo;a laiss\u00e9 [faire] pousser les cheveux et m&rsquo;habillait comme une fille jusqu&rsquo;\u00e0 l&rsquo;\u00e9cole. Tout le monde m&rsquo;appelait mademoiselle\u00a0\u00bb, poursuit le chanteur sur\u00a0France 2. Quant \u00e0 son p\u00e8re, revenu marqu\u00e9 par la guerre d&rsquo;Alg\u00e9rie, il s&rsquo;invente un r\u00f4le, h\u00e2bleur, s\u00e9ducteur, buveur [&#8230;] <a href=\"https:\/\/www.lepoint.fr\/people\/on-m-appelait-mademoiselle-comment-marc-lavoine-a-ete-eleve-comme-une-fille-28-04-2025-2588392_2116.php\" rel=\"nofollow noopener\" target=\"_blank\" data-ylk=\"slk:Lire la suite;elm:context_link;itc:0;sec:content-canvas\" class=\"link \">Lire la suite<\/a><\/p>\n","protected":false},"excerpt":{"rendered":"Les souvenirs d&rsquo;enfance sont toujours d\u00e9terminants et ceux de Marc Lavoine sont particuli\u00e8rement forts. Invit\u00e9 de l&rsquo;\u00e9mission\u00a0Un dimanche&hellip;\n","protected":false},"author":2,"featured_media":59744,"comment_status":"","ping_status":"","sticky":false,"template":"","format":"standard","meta":{"footnotes":""},"categories":[1355],"tags":[58,59,1011,27,15646,7593,1361,873,1738,15645,15644],"class_list":{"0":"post-59743","1":"post","2":"type-post","3":"status-publish","4":"format-standard","5":"has-post-thumbnail","7":"category-musique","8":"tag-divertissement","9":"tag-entertainment","10":"tag-fr","11":"tag-france","12":"tag-guerre-dalgerie","13":"tag-marc-lavoine","14":"tag-music","15":"tag-musique","16":"tag-tout-le-monde","17":"tag-un-pere","18":"tag-une-fille"},"share_on_mastodon":{"url":"https:\/\/pubeurope.com\/@fr\/114416686655198766","error":""},"_links":{"self":[{"href":"https:\/\/www.europesays.com\/fr\/wp-json\/wp\/v2\/posts\/59743","targetHints":{"allow":["GET"]}}],"collection":[{"href":"https:\/\/www.europesays.com\/fr\/wp-json\/wp\/v2\/posts"}],"about":[{"href":"https:\/\/www.europesays.com\/fr\/wp-json\/wp\/v2\/types\/post"}],"author":[{"embeddable":true,"href":"https:\/\/www.europesays.com\/fr\/wp-json\/wp\/v2\/users\/2"}],"replies":[{"embeddable":true,"href":"https:\/\/www.europesays.com\/fr\/wp-json\/wp\/v2\/comments?post=59743"}],"version-history":[{"count":0,"href":"https:\/\/www.europesays.com\/fr\/wp-json\/wp\/v2\/posts\/59743\/revisions"}],"wp:featuredmedia":[{"embeddable":true,"href":"https:\/\/www.europesays.com\/fr\/wp-json\/wp\/v2\/media\/59744"}],"wp:attachment":[{"href":"https:\/\/www.europesays.com\/fr\/wp-json\/wp\/v2\/media?parent=59743"}],"wp:term":[{"taxonomy":"category","embeddable":true,"href":"https:\/\/www.europesays.com\/fr\/wp-json\/wp\/v2\/categories?post=59743"},{"taxonomy":"post_tag","embeddable":true,"href":"https:\/\/www.europesays.com\/fr\/wp-json\/wp\/v2\/tags?post=59743"}],"curies":[{"name":"wp","href":"https:\/\/api.w.org\/{rel}","templated":true}]}}