{"id":597430,"date":"2025-12-13T21:13:35","date_gmt":"2025-12-13T21:13:35","guid":{"rendered":"https:\/\/www.europesays.com\/fr\/597430\/"},"modified":"2025-12-13T21:13:35","modified_gmt":"2025-12-13T21:13:35","slug":"municipales-a-paris-la-gauche-unie-sans-lfi-devant-dati-au-1er-tour-selon-un-sondage","status":"publish","type":"post","link":"https:\/\/www.europesays.com\/fr\/597430\/","title":{"rendered":"Municipales \u00e0 Paris: la gauche unie, sans LFI, devant Dati au 1er tour selon un sondage"},"content":{"rendered":"<p class=\"mb-4 text-lg md:leading-8 break-words\">Une liste d&rsquo;union de la gauche conduite par le socialiste Emmanuel Gr\u00e9goire, sans LFI, arriverait en t\u00eate du premier tour des municipales \u00e0 Paris, devant celle de la droite men\u00e9e par Rachida Dati, selon un sondage Ipsos pour Le Parisien.<\/p>\n<p class=\"mb-4 text-lg md:leading-8 break-words\">Quatre listes sont en mesure de se qualifier au second tour en mars 2026, pouvant donner lieu \u00e0 une quadrangulaire, selon ce sondage publi\u00e9 samedi.<\/p>\n<p class=\"mb-4 text-lg md:leading-8 break-words\">Une liste d&rsquo;alliance men\u00e9e par Emmanuel Gr\u00e9goire, soutenue par les Ecologistes et le Parti communiste, qui est actuellement en n\u00e9gociation, remporterait 32% des suffrages au premier tour du scrutin, devant la liste de la candidate des LR Rachida Dati, soutenue par le MoDem, qui en recueillerait 27%.<\/p>\n<p class=\"mb-4 text-lg md:leading-8 break-words\">Dans un sondage Ifop paru en novembre, la ministre de la Culture et maire du 7e arrondissement distanciait, avec le m\u00eame score, son concurrent socialiste, ex-premier adjoint \u00e0 la maire sortante Anne Hidalgo, donn\u00e9 alors \u00e0 seulement entre 20 \u00e0 22% en fonction des diff\u00e9rentes strat\u00e9gies d&rsquo;union \u00e0 gauche.<\/p>\n<p class=\"mb-4 text-lg md:leading-8 break-words\">Selon l&rsquo;enqu\u00eate d&rsquo;Ipsos, la liste de Rachida Dati devance nettement celle du candidat Horizons Pierre-Yves Bournazel, soutenue par Renaissance, cr\u00e9dit\u00e9e de 14% des intentions de vote. Sophia Chikirou, t\u00eate de liste LFI, est donn\u00e9e \u00e0 13%.<\/p>\n<p class=\"mb-4 text-lg md:leading-8 break-words\">Une fusion de la liste LFI avec le PS semble exclue, Sophia Chikirou ayant d\u00e9clar\u00e9 fin novembre qu&rsquo;il \u00ab\u00a0ne faut pas qu&rsquo;un socialiste soit maire de Paris\u00a0\u00bb, tandis qu&rsquo;Emmanuel Gr\u00e9goire a toujours \u00e9cart\u00e9 des discussions avec la d\u00e9put\u00e9e insoumise.<\/p>\n<p class=\"mb-4 text-lg md:leading-8 break-words\">Si les socialistes et les \u00e9cologistes se pr\u00e9sentaient s\u00e9par\u00e9ment, Emmanuel Gr\u00e9goire (20%) devancerait le candidat \u00e9cologiste David Belliard (14%). Rachida Dati virerait alors en t\u00eate \u00e0 l&rsquo;issue du premier tour, \u00e0 27% toujours.<\/p>\n<p class=\"mb-4 text-lg md:leading-8 break-words\">Socialistes et \u00e9cologistes sont engag\u00e9s depuis plus de trois mois dans de difficiles n\u00e9gociations sur une union d\u00e8s le premier tour, ce qui serait une premi\u00e8re depuis que la gauche dirige la capitale. Un accord est n\u00e9anmoins annonc\u00e9 comme proche.<\/p>\n<p class=\"mb-4 text-lg md:leading-8 break-words\">Au coeur des discussions: le nombre de conseillers de Paris, les futurs postes d&rsquo;adjoints \u00e0 l&rsquo;H\u00f4tel de Ville et surtout les mairies d&rsquo;arrondissements, le PS ayant selon plusieurs sources propos\u00e9 aux Ecologistes de leur c\u00e9der une de leurs mairies s&rsquo;ils acceptaient de se joindre \u00e0 Emmanuel Gr\u00e9goire.<\/p>\n<p class=\"mb-4 text-lg md:leading-8 break-words\">A l&rsquo;extr\u00eame droite, la liste du RN de Thierry Mariani est cr\u00e9dit\u00e9e de 7% des intentions de vote, ex aequo avec celle de Sarah Knafo, candidate potentielle mais non encore d\u00e9clar\u00e9e du parti d&rsquo;Eric Zemmour Reconqu\u00eate.<\/p>\n<p class=\"mb-4 text-lg md:leading-8 break-words\">Le sondage a \u00e9t\u00e9 r\u00e9alis\u00e9 en ligne du 5 au 12 d\u00e9cembre sur un \u00e9chantillon de 849 habitants de Paris, repr\u00e9sentatif de la population parisienne inscrite sur les listes \u00e9lectorales (m\u00e9thode des quotas).<\/p>\n<p class=\"mb-4 text-lg md:leading-8 break-words\">juc\/bfa\/apz\/<\/p>\n","protected":false},"excerpt":{"rendered":"Une liste d&rsquo;union de la gauche conduite par le socialiste Emmanuel Gr\u00e9goire, sans LFI, arriverait en t\u00eate du&hellip;\n","protected":false},"author":2,"featured_media":597431,"comment_status":"","ping_status":"","sticky":false,"template":"","format":"standard","meta":{"footnotes":""},"categories":[1888],"tags":[1111,1928,11,1927,8186,1777,674,1011,27,33566,780,12258,2381,2616,12,1926,626,1925,417,25,18834],"class_list":{"0":"post-597430","1":"post","2":"type-post","3":"status-publish","4":"format-standard","5":"has-post-thumbnail","7":"category-paris","8":"tag-actu","9":"tag-actu-paris","10":"tag-actualites","11":"tag-actualites-paris","12":"tag-emmanuel-gregoire","13":"tag-eu","14":"tag-europe","15":"tag-fr","16":"tag-france","17":"tag-intentions-de-vote","18":"tag-lfi","19":"tag-maire-de-paris","20":"tag-mairie-de-paris","21":"tag-ministre-de-la-culture","22":"tag-news","23":"tag-news-paris","24":"tag-paris","25":"tag-paris-news","26":"tag-rachida-dati","27":"tag-republique-francaise","28":"tag-sophia-chikirou"},"share_on_mastodon":{"url":"https:\/\/pubeurope.com\/@fr\/115714326688054043","error":""},"_links":{"self":[{"href":"https:\/\/www.europesays.com\/fr\/wp-json\/wp\/v2\/posts\/597430","targetHints":{"allow":["GET"]}}],"collection":[{"href":"https:\/\/www.europesays.com\/fr\/wp-json\/wp\/v2\/posts"}],"about":[{"href":"https:\/\/www.europesays.com\/fr\/wp-json\/wp\/v2\/types\/post"}],"author":[{"embeddable":true,"href":"https:\/\/www.europesays.com\/fr\/wp-json\/wp\/v2\/users\/2"}],"replies":[{"embeddable":true,"href":"https:\/\/www.europesays.com\/fr\/wp-json\/wp\/v2\/comments?post=597430"}],"version-history":[{"count":0,"href":"https:\/\/www.europesays.com\/fr\/wp-json\/wp\/v2\/posts\/597430\/revisions"}],"wp:featuredmedia":[{"embeddable":true,"href":"https:\/\/www.europesays.com\/fr\/wp-json\/wp\/v2\/media\/597431"}],"wp:attachment":[{"href":"https:\/\/www.europesays.com\/fr\/wp-json\/wp\/v2\/media?parent=597430"}],"wp:term":[{"taxonomy":"category","embeddable":true,"href":"https:\/\/www.europesays.com\/fr\/wp-json\/wp\/v2\/categories?post=597430"},{"taxonomy":"post_tag","embeddable":true,"href":"https:\/\/www.europesays.com\/fr\/wp-json\/wp\/v2\/tags?post=597430"}],"curies":[{"name":"wp","href":"https:\/\/api.w.org\/{rel}","templated":true}]}}