{"id":597432,"date":"2025-12-13T21:16:24","date_gmt":"2025-12-13T21:16:24","guid":{"rendered":"https:\/\/www.europesays.com\/fr\/597432\/"},"modified":"2025-12-13T21:16:24","modified_gmt":"2025-12-13T21:16:24","slug":"securite-proprete-de-paris-les-ombres-au-tableau-danne-hidalgo","status":"publish","type":"post","link":"https:\/\/www.europesays.com\/fr\/597432\/","title":{"rendered":"S\u00e9curit\u00e9, propret\u00e9 de Paris\u2026 Les ombres au tableau d\u2019Anne Hidalgo"},"content":{"rendered":"<p class=\"paragraph text_align_left lp-f-body-02\">Les Parisiens aiment <a href=\"https:\/\/www.leparisien.fr\/paris-75\/\" target=\"_blank\" rel=\"noreferrer noopener\">leur ville<\/a>, la pr\u00e9servation de ses b\u00e2timents et l\u2019offre culturelle. Mais ils ne supportent plus de nombreux aspects de leur commune. Arr\u00eat\u00e9 alors qu\u2019il prom\u00e8ne son chien, Thierry, 63 ans, bougonne imm\u00e9diatement quand on lui parle de l\u2019\u00e9volution de la capitale depuis <a href=\"https:\/\/www.leparisien.fr\/politique\/anne-hidalgo\/\" target=\"_blank\" rel=\"noreferrer noopener\">qu\u2019Anne Hidalgo<\/a> en est devenue maire. \u00ab Mon gamin de 18 ans, je lui ai donn\u00e9 une gazeuse et un poing am\u00e9ricain\u2026 Je ne dors pas quand il sort le soir, glisse celui qui vit pr\u00e8s de la Porte de Vincennes (XIIe). La s\u00e9curit\u00e9, c\u2019est un vrai probl\u00e8me. \u00bb<\/p>\n<p class=\"\">Et les Parisiens sont nombreux \u00e0 partager son avis, \u00e0 en croire le sondage Ipsos-BVA-Le Parisien-Aujourd\u2019hui en France publi\u00e9 ce samedi 13 d\u00e9cembre, jugeant le bilan de la municipalit\u00e9 sortante. M\u00eame si la tranquillit\u00e9 publique ne rel\u00e8ve pas seulement de la Ville de Paris, qui n\u2019a pas la main sur la police nationale.<\/p>\n","protected":false},"excerpt":{"rendered":"Les Parisiens aiment leur ville, la pr\u00e9servation de ses b\u00e2timents et l\u2019offre culturelle. Mais ils ne supportent plus&hellip;\n","protected":false},"author":2,"featured_media":597433,"comment_status":"","ping_status":"","sticky":false,"template":"","format":"standard","meta":{"footnotes":""},"categories":[1888],"tags":[11,1777,674,1011,27,1944,12,626,316,25],"class_list":{"0":"post-597432","1":"post","2":"type-post","3":"status-publish","4":"format-standard","5":"has-post-thumbnail","7":"category-paris","8":"tag-actualites","9":"tag-eu","10":"tag-europe","11":"tag-fr","12":"tag-france","13":"tag-ma-ville","14":"tag-news","15":"tag-paris","16":"tag-politique","17":"tag-republique-francaise"},"share_on_mastodon":{"url":"https:\/\/pubeurope.com\/@fr\/115714338521926838","error":""},"_links":{"self":[{"href":"https:\/\/www.europesays.com\/fr\/wp-json\/wp\/v2\/posts\/597432","targetHints":{"allow":["GET"]}}],"collection":[{"href":"https:\/\/www.europesays.com\/fr\/wp-json\/wp\/v2\/posts"}],"about":[{"href":"https:\/\/www.europesays.com\/fr\/wp-json\/wp\/v2\/types\/post"}],"author":[{"embeddable":true,"href":"https:\/\/www.europesays.com\/fr\/wp-json\/wp\/v2\/users\/2"}],"replies":[{"embeddable":true,"href":"https:\/\/www.europesays.com\/fr\/wp-json\/wp\/v2\/comments?post=597432"}],"version-history":[{"count":0,"href":"https:\/\/www.europesays.com\/fr\/wp-json\/wp\/v2\/posts\/597432\/revisions"}],"wp:featuredmedia":[{"embeddable":true,"href":"https:\/\/www.europesays.com\/fr\/wp-json\/wp\/v2\/media\/597433"}],"wp:attachment":[{"href":"https:\/\/www.europesays.com\/fr\/wp-json\/wp\/v2\/media?parent=597432"}],"wp:term":[{"taxonomy":"category","embeddable":true,"href":"https:\/\/www.europesays.com\/fr\/wp-json\/wp\/v2\/categories?post=597432"},{"taxonomy":"post_tag","embeddable":true,"href":"https:\/\/www.europesays.com\/fr\/wp-json\/wp\/v2\/tags?post=597432"}],"curies":[{"name":"wp","href":"https:\/\/api.w.org\/{rel}","templated":true}]}}