{"id":597436,"date":"2025-12-13T21:23:37","date_gmt":"2025-12-13T21:23:37","guid":{"rendered":"https:\/\/www.europesays.com\/fr\/597436\/"},"modified":"2025-12-13T21:23:37","modified_gmt":"2025-12-13T21:23:37","slug":"viktor-orban-met-en-garde-contre-la-saisie-des-avoirs-russes-geles-quil-qualifie-de-declaration-de-guerre","status":"publish","type":"post","link":"https:\/\/www.europesays.com\/fr\/597436\/","title":{"rendered":"Viktor Orban met en garde contre la saisie des avoirs russes gel\u00e9s, qu\u2019il qualifie de \u00ab d\u00e9claration de guerre \u00bb"},"content":{"rendered":"<p>AA \/ Bruxelles \/ Melike Pala<\/p>\n<p>Le Premier ministre hongrois Viktor Orban a qualifi\u00e9 le projet de l&rsquo;UE de saisir les avoirs russes gel\u00e9s de \u00ab d\u00e9claration de guerre \u00bb ce samedi.<\/p>\n<p>Orban a critiqu\u00e9 les dirigeants europ\u00e9ens, citant notamment le chancelier allemand Friedrich Merz, le chef du Parti populaire europ\u00e9en Manfred Weber et la pr\u00e9sidente de la Commission europ\u00e9enne Ursula von der Leyen, a rapport\u00e9 Magyar Nemzet.<\/p>\n<p>Il a d\u00e9clar\u00e9 qu&rsquo;ils donnaient la priorit\u00e9 aux pr\u00eats des march\u00e9s financiers plut\u00f4t qu&rsquo;\u00e0 l&rsquo;\u00e9valuation de la capacit\u00e9 de chaque pays \u00e0 financer la guerre en cours en Ukraine.<\/p>\n<p>\u00ab Il y a l&rsquo;argent russe, ou la possibilit\u00e9 de collecter de l&rsquo;argent aupr\u00e8s des \u00c9tats membres, qui servirait de base \u00e0 un pr\u00eat plus important \u00bb, a d\u00e9clar\u00e9 Orban.<\/p>\n<p>Il a ajout\u00e9 que la Hongrie s&rsquo;opposerait \u00e0 toute tentative de l&rsquo;UE de contourner le pays pour acc\u00e9der aux avoirs russes.<\/p>\n<p>\u00ab Je vais \u00e0 Bruxelles pour me battre contre le fait qu&rsquo;ils s&#8217;emparent des actifs russes en contournant la Hongrie. C&rsquo;est une d\u00e9claration de guerre. Je n&rsquo;ai jamais rien vu de tel, o\u00f9 200 \u00e0 300 milliards d&rsquo;euros (235 \u00e0 352 milliards de dollars) d&rsquo;actifs sont perdus, sans aucune cons\u00e9quence \u00bb, a-t-il d\u00e9clar\u00e9.<\/p>\n<p>\u00ab L&rsquo;argent des Russes a \u00e9t\u00e9 gel\u00e9 en Belgique lorsque la guerre a \u00e9clat\u00e9, et ils veulent maintenant y toucher. C&rsquo;est une chose extr\u00eamement inhabituelle et dangereuse \u00bb, a-t-il ajout\u00e9.<\/p>\n<p>Dans le m\u00eame temps, le vice-Premier ministre italien Matteo Salvini a averti que le gel des actifs russes \u00e9tait \u00ab risqu\u00e9 et imprudent \u00bb, soulignant que 314 entreprises italiennes op\u00e8rent en Russie, g\u00e9n\u00e9rant des revenus et des emplois, a rapport\u00e9 l&rsquo;agence de presse nationale italienne ANSA.<\/p>\n<p>\u00ab Le gouvernement italien a bien fait de clarifier les choses, car apr\u00e8s tout, nous sommes dans un march\u00e9 libre, nous ne sommes pas en guerre avec la Russie&#8230; Il me semble que Bruxelles joue avec le feu \u00bb, a-t-il d\u00e9clar\u00e9.<\/p>\n<p>Alors que l&rsquo;UE envisage d&rsquo;utiliser les avoirs gel\u00e9s de l&rsquo;\u00c9tat russe pour financer un pr\u00eat \u00e0 l&rsquo;Ukraine, plusieurs \u00c9tats membres, dont la Belgique, ont soulev\u00e9 des questions juridiques, soulignant que la plupart de ces avoirs sont d\u00e9tenus chez Euroclear \u00e0 Bruxelles.<\/p>\n<p>La banque centrale russe a qualifi\u00e9 ce projet d&rsquo;ill\u00e9gal et s&rsquo;est r\u00e9serv\u00e9 le droit de prendre toutes les mesures n\u00e9cessaires pour prot\u00e9ger ses int\u00e9r\u00eats.<\/p>\n<p>Vendredi, le bloc a d\u00e9cid\u00e9 de \u00ab geler ind\u00e9finiment \u00bb les avoirs russes, tandis que les dirigeants de l&rsquo;UE doivent se prononcer sur l&rsquo;attribution des fonds \u00e0 l&rsquo;Ukraine lors d&rsquo;un sommet \u00e0 Bruxelles les 18 et 19 d\u00e9cembre.<\/p>\n<p>*Traduit de l\u2019anglais par Ayse Bashoruz<\/p>\n<p>                            &#13;<br \/>\n                                <a href=\"https:\/\/www.aa.com.tr\/fr\/p\/abonnement\/1001\" target=\"_blank\" style=\"font-size:12px; color:#444; text-decoration:none;\" rel=\"nofollow noopener\">&#13;<br \/>\n                                    Seulement une partie des d\u00e9p\u00eaches, que l&rsquo;Agence Anadolu diffuse \u00e0 ses abonn\u00e9s via le Syst\u00e8me de Diffusion interne (HAS), est diffus\u00e9e sur le site de l&rsquo;AA, de mani\u00e8re r\u00e9sum\u00e9e. <b style=\"color:#1897F7\">Contactez-nous s&rsquo;il vous pla\u00eet pour vous abonner.<\/b>&#13;<br \/>\n                                <\/a>&#13;<\/p>\n","protected":false},"excerpt":{"rendered":"AA \/ Bruxelles \/ Melike Pala Le Premier ministre hongrois Viktor Orban a qualifi\u00e9 le projet de l&rsquo;UE&hellip;\n","protected":false},"author":2,"featured_media":597437,"comment_status":"","ping_status":"","sticky":false,"template":"","format":"standard","meta":{"footnotes":""},"categories":[1591],"tags":[11,1785,71019,1887,804,452,3999,12,1885,1886,132,9213,7247],"class_list":{"0":"post-597436","1":"post","2":"type-post","3":"status-publish","4":"format-standard","5":"has-post-thumbnail","7":"category-russie","8":"tag-actualites","9":"tag-anadolu-ajansi","10":"tag-avoirs-gels","11":"tag-federation-de-russie","12":"tag-hongrie","13":"tag-italie","14":"tag-matteo-salvini","15":"tag-news","16":"tag-russia","17":"tag-russian-federation","18":"tag-russie","19":"tag-union-europenne","20":"tag-viktor-orban"},"share_on_mastodon":{"url":"https:\/\/pubeurope.com\/@fr\/115714366028187390","error":""},"_links":{"self":[{"href":"https:\/\/www.europesays.com\/fr\/wp-json\/wp\/v2\/posts\/597436","targetHints":{"allow":["GET"]}}],"collection":[{"href":"https:\/\/www.europesays.com\/fr\/wp-json\/wp\/v2\/posts"}],"about":[{"href":"https:\/\/www.europesays.com\/fr\/wp-json\/wp\/v2\/types\/post"}],"author":[{"embeddable":true,"href":"https:\/\/www.europesays.com\/fr\/wp-json\/wp\/v2\/users\/2"}],"replies":[{"embeddable":true,"href":"https:\/\/www.europesays.com\/fr\/wp-json\/wp\/v2\/comments?post=597436"}],"version-history":[{"count":0,"href":"https:\/\/www.europesays.com\/fr\/wp-json\/wp\/v2\/posts\/597436\/revisions"}],"wp:featuredmedia":[{"embeddable":true,"href":"https:\/\/www.europesays.com\/fr\/wp-json\/wp\/v2\/media\/597437"}],"wp:attachment":[{"href":"https:\/\/www.europesays.com\/fr\/wp-json\/wp\/v2\/media?parent=597436"}],"wp:term":[{"taxonomy":"category","embeddable":true,"href":"https:\/\/www.europesays.com\/fr\/wp-json\/wp\/v2\/categories?post=597436"},{"taxonomy":"post_tag","embeddable":true,"href":"https:\/\/www.europesays.com\/fr\/wp-json\/wp\/v2\/tags?post=597436"}],"curies":[{"name":"wp","href":"https:\/\/api.w.org\/{rel}","templated":true}]}}