{"id":597440,"date":"2025-12-13T21:26:13","date_gmt":"2025-12-13T21:26:13","guid":{"rendered":"https:\/\/www.europesays.com\/fr\/597440\/"},"modified":"2025-12-13T21:26:13","modified_gmt":"2025-12-13T21:26:13","slug":"damas-condamne-donald-trump-promet-une-riposte","status":"publish","type":"post","link":"https:\/\/www.europesays.com\/fr\/597440\/","title":{"rendered":"Damas condamne, Donald Trump promet une riposte"},"content":{"rendered":"<p>\u00ab\u00a0Nous riposterons\u00a0\u00bb, a d\u00e9clar\u00e9 le pr\u00e9sident am\u00e9ricain \u00e0 la presse lors de son d\u00e9part de la Maison Blanche en h\u00e9licopt\u00e8re. \u00ab\u00a0Le pr\u00e9sident syrien, Ahmed al-Chareh, est extr\u00eamement en col\u00e8re et troubl\u00e9 par cette attaque\u00a0\u00bb, a \u00e9galement affirm\u00e9 Donald Trump dans un post sur sa plateforme Truth Social.<\/p>\n<p>Les trois soldats bless\u00e9s \u00ab\u00a0se portent bien\u00a0\u00bb, a ajout\u00e9 le pr\u00e9sident am\u00e9ricain sur sa plateforme Truth Social.<\/p>\n<p>Le contingent am\u00e9ricain \u00e9tait dans la r\u00e9gion d\u00e9sertique de Palmyre pour une \u00ab\u00a0mission de soutien aux op\u00e9rations en cours contre Daesh\u00a0\/\u00a0de contre-terrorisme dans la r\u00e9gion\u00a0\u00bb, a affirm\u00e9 le porte-parole du Pentagone, Sean Parnell, pr\u00e9cisant que le civil am\u00e9ricain tu\u00e9 \u00e9tait un interpr\u00e8te.<\/p>\n<p>C\u2019est la premi\u00e8re fois qu\u2019un tel \u00e9v\u00e9nement est rapport\u00e9 en Syrie depuis la prise du pouvoir, il y a un an, d\u2019une coalition islamiste qui a effectu\u00e9 un rapprochement avec les \u00c9tats-Unis.<\/p>\n<p>\u00ab\u00a0Le pr\u00e9sident syrien, Ahmed al-Chareh, est extr\u00eamement en col\u00e8re et troubl\u00e9 par cette attaque\u00a0\u00bb, a affirm\u00e9 Donald Trump sur Truth Social.<\/p>\n<p>\u00ab\u00a0Avertissements pr\u00e9alables\u00a0\u00bb<\/p>\n<p>Le gouvernement syrien \u00ab\u00a0condamne fermement l\u2019attaque terroriste\u00a0\u00bb, a d\u00e9clar\u00e9 de son c\u00f4t\u00e9 le ministre syrien des Affaires \u00e9trang\u00e8res, Assaad al-Chaibani.<\/p>\n<p>\u00ab\u00a0Nous adressons nos condol\u00e9ances aux familles des victimes, ainsi qu\u2019au gouvernement et au peuple am\u00e9ricains\u00a0\u00bb, a-t-il ajout\u00e9 sur X.<\/p>\n<p>Plus t\u00f4t, le porte-parole du minist\u00e8re de l\u2019Int\u00e9rieur avait affirm\u00e9 que les forces de la coalition internationale, dirig\u00e9es par Washington, n\u2019avaient pas tenu compte des avertissements de Damas concernant un risque d\u2019infiltration de Daesh.<\/p>\n<p>\u00ab\u00a0Il y avait des avertissements pr\u00e9alables de la part du commandement de la s\u00e9curit\u00e9 int\u00e9rieure \u00e0 destination des forces partenaires\u00a0\u00bb dans la r\u00e9gion de Palmyre, a d\u00e9clar\u00e9 \u00e0 la t\u00e9l\u00e9vision d\u2019\u00c9tat le porte-parole, Anwar al-Baba.<\/p>\n<p>Selon l\u2019agence officielle syrienne Sana, \u00ab\u00a0deux membres des forces de s\u00e9curit\u00e9 syriennes\u00a0\u00bb ont \u00e9t\u00e9 \u00e9galement bless\u00e9s dans ces tirs ayant vis\u00e9 une \u00ab\u00a0d\u00e9l\u00e9gation commune\u00a0\u00bb.<\/p>\n<p>Un responsable militaire syrien qui a requis l\u2019anonymat a indiqu\u00e9 que les tirs avaient \u00e9clat\u00e9 alors que des officiers syriens et am\u00e9ricains \u00e9taient r\u00e9unis dans une permanence de la s\u00e9curit\u00e9 syrienne \u00e0 Palmyre.<\/p>\n<p>Un t\u00e9moin dans la ville, qui a \u00e9galement requis l\u2019anonymat, a d\u00e9clar\u00e9 avoir entendu des coups de feu provenant de l\u2019int\u00e9rieur de la base.<\/p>\n<p>Sana a indiqu\u00e9 que des h\u00e9licopt\u00e8res avaient \u00e9vacu\u00e9 les bless\u00e9s vers la base d\u2019Al-Tanf, dans le sud du pays, o\u00f9 sont d\u00e9ploy\u00e9es des troupes am\u00e9ricaines.<\/p>\n<p>\u00ab\u00a0Les \u00c9tats-Unis vous tueront sans merci\u00a0\u00bb<\/p>\n<p>Le ministre am\u00e9ricain de la D\u00e9fense, Pete Hegseth, a qualifi\u00e9 l\u2019auteur de l\u2019attaque de \u00ab\u00a0sauvage\u00a0\u00bb et a lanc\u00e9 un avertissement\u00a0: \u00ab\u00a0Si vous ciblez des Am\u00e9ricains &#8211; n\u2019importe o\u00f9 dans le monde &#8211; vous passerez le reste de votre vie br\u00e8ve et stressante en sachant que les \u00c9tats-Unis vous chasseront, vous trouveront, et vous tueront sans merci\u00a0\u00bb.<\/p>\n<p>L\u2019identit\u00e9 des soldats tu\u00e9s ainsi que celles des unit\u00e9s auxquelles ils appartenaient ne seront pas r\u00e9v\u00e9l\u00e9es avant 24\u00a0heures, le temps d\u2019informer leurs proches, a d\u00e9clar\u00e9 Sean Parnell.<\/p>\n<p>Selon l\u2019Observatoire syrien des droits de l\u2019homme (OSDH), bas\u00e9 au Royaume-Uni mais qui dispose d\u2019un vaste r\u00e9seau de sources dans le pays, la visite de la d\u00e9l\u00e9gation am\u00e9ricaine \u00e0 Palmyre \u00ab\u00a0s\u2019inscrit dans le cadre d\u2019une strat\u00e9gie des \u00c9tats-Unis visant \u00e0 \u00e9largir leur pr\u00e9sence en Syrie\u00a0\u00bb, et notamment dans les zones d\u00e9sertiques.<\/p>\n<p>Daesh avait contr\u00f4l\u00e9 la r\u00e9gion de Palmyre avant d\u2019\u00eatre d\u00e9fait en Syrie par une coalition internationale en 2019.<\/p>\n<p>Malgr\u00e9 sa d\u00e9faite, ses combattants repli\u00e9s dans le vaste d\u00e9sert syrien continuent \u00e9pisodiquement de mener des attaques.<\/p>\n<p>Lors de la visite du pr\u00e9sident int\u00e9rimaire syrien Ahmad al-Chareh \u00e0 Washington le mois dernier, Damas avait rejoint la coalition internationale antijihadiste men\u00e9e par les \u00c9tats-Unis.<\/p>\n","protected":false},"excerpt":{"rendered":"\u00ab\u00a0Nous riposterons\u00a0\u00bb, a d\u00e9clar\u00e9 le pr\u00e9sident am\u00e9ricain \u00e0 la presse lors de son d\u00e9part de la Maison Blanche&hellip;\n","protected":false},"author":2,"featured_media":597441,"comment_status":"","ping_status":"","sticky":false,"template":"","format":"standard","meta":{"footnotes":""},"categories":[1589],"tags":[11,73,1866,12,1864,1865,1863,308],"class_list":{"0":"post-597440","1":"post","2":"type-post","3":"status-publish","4":"format-standard","5":"has-post-thumbnail","7":"category-etats-unis","8":"tag-actualites","9":"tag-etats-unis","10":"tag-etats-unis-damerique","11":"tag-news","12":"tag-united-states","13":"tag-united-states-of-america","14":"tag-us","15":"tag-usa"},"share_on_mastodon":{"url":"https:\/\/pubeurope.com\/@fr\/115714378016697413","error":""},"_links":{"self":[{"href":"https:\/\/www.europesays.com\/fr\/wp-json\/wp\/v2\/posts\/597440","targetHints":{"allow":["GET"]}}],"collection":[{"href":"https:\/\/www.europesays.com\/fr\/wp-json\/wp\/v2\/posts"}],"about":[{"href":"https:\/\/www.europesays.com\/fr\/wp-json\/wp\/v2\/types\/post"}],"author":[{"embeddable":true,"href":"https:\/\/www.europesays.com\/fr\/wp-json\/wp\/v2\/users\/2"}],"replies":[{"embeddable":true,"href":"https:\/\/www.europesays.com\/fr\/wp-json\/wp\/v2\/comments?post=597440"}],"version-history":[{"count":0,"href":"https:\/\/www.europesays.com\/fr\/wp-json\/wp\/v2\/posts\/597440\/revisions"}],"wp:featuredmedia":[{"embeddable":true,"href":"https:\/\/www.europesays.com\/fr\/wp-json\/wp\/v2\/media\/597441"}],"wp:attachment":[{"href":"https:\/\/www.europesays.com\/fr\/wp-json\/wp\/v2\/media?parent=597440"}],"wp:term":[{"taxonomy":"category","embeddable":true,"href":"https:\/\/www.europesays.com\/fr\/wp-json\/wp\/v2\/categories?post=597440"},{"taxonomy":"post_tag","embeddable":true,"href":"https:\/\/www.europesays.com\/fr\/wp-json\/wp\/v2\/tags?post=597440"}],"curies":[{"name":"wp","href":"https:\/\/api.w.org\/{rel}","templated":true}]}}