{"id":597447,"date":"2025-12-13T21:30:23","date_gmt":"2025-12-13T21:30:23","guid":{"rendered":"https:\/\/www.europesays.com\/fr\/597447\/"},"modified":"2025-12-13T21:30:23","modified_gmt":"2025-12-13T21:30:23","slug":"urios-a-eu-honte","status":"publish","type":"post","link":"https:\/\/www.europesays.com\/fr\/597447\/","title":{"rendered":"Urios a eu \u00ab\u00a0honte\u00a0\u00bb"},"content":{"rendered":"<p><strong>Apr\u00e8s la d\u00e9faite conc\u00e9d\u00e9e ce<br \/>\nsamedi par Clermont face \u00e0 Sale, Christophe Urios s\u2019est montr\u00e9 tr\u00e8s<br \/>\ndur \u00e0 l\u2019encontre de ses joueurs, n\u2019h\u00e9sitant pas \u00e0 \u00e9voquer sa honte<br \/>\nface \u00e0 la performance de son \u00e9quipe.<\/strong><\/p>\n<p><strong>Christophe Urios avait sa t\u00eate des mauvais<br \/>\njours.<\/strong> Sur la pelouse du Stade Marcel-Michelin, son \u00e9quipe<br \/>\nde Clermont a conc\u00e9d\u00e9 face \u00e0 Sale une deuxi\u00e8me d\u00e9faite en deux<br \/>\nmatchs de Champions Cup cette saison. Interrog\u00e9 sur les raisons<br \/>\nderri\u00e8re cette contre-performance, le technicien auvergnat s\u2019est<br \/>\nd\u2019abord montr\u00e9 circonspect avant d\u2019admettre que ses joueurs ont \u00ab<br \/>\nlargement \u00e9t\u00e9 domin\u00e9s \u00bb avant de prendre sur lui ce r\u00e9sultat. \u00ab<br \/>\n<strong>J\u2019ai d\u00fb me tromper sacr\u00e9ment dans la semaine pour qu\u2019on<br \/>\npuisse faire une prestation comme \u00e7a<\/strong>, a d\u00e9clar\u00e9 Christophe<br \/>\nUrios dans des propos relay\u00e9s par le site sp\u00e9cialis\u00e9<br \/>\nRugbyrama. Que ce soit dans la pr\u00e9paration du match, que<br \/>\nce soit dans la composition d\u2019\u00e9quipe s\u00fbrement, dans la fa\u00e7on<br \/>\nd\u2019aborder le match, j\u2019ai d\u00fb me tromper. \u00bb Consid\u00e9rant que son<br \/>\n\u00e9quipe \u00ab \u00e9tait \u00e0 c\u00f4t\u00e9 de la plaque \u00bb, <strong>l\u2019entra\u00eeneur de l\u2019ASM<br \/>\nl\u2019a vu \u00ab jouer avant de combattre \u00bb<\/strong> avant d\u2019inverser la<br \/>\ntendance apr\u00e8s la pause.<\/p>\n<p>\u00ab <strong>En deuxi\u00e8me mi-temps, on a combattu, mais on a oubli\u00e9<br \/>\nde jouer<\/strong>, a-t-il lanc\u00e9. On n\u2019a pas jou\u00e9 au pied, on n\u2019a<br \/>\njamais r\u00e9ussi \u00e0 renverser la pression. On est \u00e0 c\u00f4t\u00e9 de la plaque.<br \/>\nCe n\u2019est pas au niveau de la Coupe d\u2019Europe. \u00bb Face \u00e0 une \u00e9quipe de<br \/>\nSale \u00ab qui ferraille, qui d\u00e9fend dur \u00bb mais qui ne pouvait pas<br \/>\ncompter sur toutes ses forces vives, Christophe Urios a conc\u00e9d\u00e9 que<br \/>\nClermont \u00ab n\u2019\u00e9tait pas au niveau de cette \u00e9quipe \u00bb par manque de<br \/>\ncollectif. \u00ab <strong>On est tr\u00e8s h\u00e9t\u00e9rog\u00e8nes en fait, on est \u00e0<br \/>\nc\u00f4t\u00e9, on n\u2019est pas ensemble<\/strong>, a-t-il ajout\u00e9. On est<br \/>\nh\u00e9t\u00e9rog\u00e8nes entre ceux qui jouent beaucoup, ceux qui ne jouent pas,<br \/>\nceux qui rentrent de blessure. On n\u2019arrive pas \u00e0 retrouver ce lien<br \/>\nqui faisait notre force avant la coupure de novembre. \u00bb Le<br \/>\ntechnicien clermontois ne le cache pas \u00ab <strong>c\u2019est une dr\u00f4le de<br \/>\nd\u00e9faite ce (samedi) soir, au go\u00fbt amer<\/strong> \u00bb.<\/p>\n<p>Urios : \u00ab Je nous trouve tr\u00e8s<br \/>\n\u00e9parpill\u00e9s \u00bb<\/p>\n<p>\u00ab <strong>J\u2019ai honte<\/strong>, a-t-il d\u00e9clar\u00e9 avec franchise.<br \/>\nMais bon, il faut repartir au combat, on a trois semaines qui<br \/>\narrivent et qui sont essentielles. \u00bb En effet, l\u2019ASM va affronter<br \/>\nPerpignan, Bordeaux-B\u00e8gles puis Montauban lors des trois prochaines<br \/>\nsemaines. Affirmant que son \u00e9quipe a v\u00e9cu \u00ab une semaine plut\u00f4t<br \/>\ncorrecte \u00bb avant ce match face \u00e0 Sale, Christophe Urios conc\u00e8de<br \/>\nqu\u2019il y a eu \u00ab beaucoup de d\u00e9chets \u00e0 l\u2019\u00e9chauffement et qu\u2019on a<br \/>\nretrouv\u00e9 sur le match \u00bb. Interrog\u00e9 sur l\u2019inqui\u00e9tude pouvant \u00eatre<br \/>\ntir\u00e9e de cette d\u00e9faite, l\u2019entra\u00eeneur de Clermont a assur\u00e9 que c\u2019est<br \/>\n\u00ab l\u2019\u00e9tat d\u2019esprit \u00bb montr\u00e9 par ses joueurs qui est probl\u00e9matique. \u00ab<br \/>\n<strong>On ne met pas \u00e0 ce qu\u2019on doit mettre<\/strong>, m\u00eame si en<br \/>\ndeuxi\u00e8me mi-temps c\u2019est mieux dans l\u2019engagement, pas dans le rugby,<br \/>\na-t-il conclu. C\u2019est ce qui me pr\u00e9occupe. <strong>Je nous trouve<br \/>\ntr\u00e8s \u00e9parpill\u00e9s, on ne fait pas bloc<\/strong>. \u00bb Conscient que son<br \/>\n\u00e9quipe doit retrouver la bonne trajectoire, Christophe Urios attend<br \/>\nune r\u00e9action d\u00e8s le week-end prochain sur la pelouse de la lanterne<br \/>\nrouge, Perpignan.<\/p>\n","protected":false},"excerpt":{"rendered":"Apr\u00e8s la d\u00e9faite conc\u00e9d\u00e9e ce samedi par Clermont face \u00e0 Sale, Christophe Urios s\u2019est montr\u00e9 tr\u00e8s dur \u00e0&hellip;\n","protected":false},"author":2,"featured_media":597448,"comment_status":"","ping_status":"","sticky":false,"template":"","format":"standard","meta":{"footnotes":""},"categories":[1586],"tags":[11,3460,2313,1777,674,1779,1011,27,12,25,479,71020,57681,1778,364,71021],"class_list":{"0":"post-597447","1":"post","2":"type-post","3":"status-publish","4":"format-standard","5":"has-post-thumbnail","7":"category-europe","8":"tag-actualites","9":"tag-champions-cup","10":"tag-clermont","11":"tag-eu","12":"tag-europe","13":"tag-european-union","14":"tag-fr","15":"tag-france","16":"tag-news","17":"tag-republique-francaise","18":"tag-rugby","19":"tag-sale","20":"tag-sport365-fr","21":"tag-ue","22":"tag-union-europeenne","23":"tag-urios"},"share_on_mastodon":{"url":"https:\/\/pubeurope.com\/@fr\/115714393618063951","error":""},"_links":{"self":[{"href":"https:\/\/www.europesays.com\/fr\/wp-json\/wp\/v2\/posts\/597447","targetHints":{"allow":["GET"]}}],"collection":[{"href":"https:\/\/www.europesays.com\/fr\/wp-json\/wp\/v2\/posts"}],"about":[{"href":"https:\/\/www.europesays.com\/fr\/wp-json\/wp\/v2\/types\/post"}],"author":[{"embeddable":true,"href":"https:\/\/www.europesays.com\/fr\/wp-json\/wp\/v2\/users\/2"}],"replies":[{"embeddable":true,"href":"https:\/\/www.europesays.com\/fr\/wp-json\/wp\/v2\/comments?post=597447"}],"version-history":[{"count":0,"href":"https:\/\/www.europesays.com\/fr\/wp-json\/wp\/v2\/posts\/597447\/revisions"}],"wp:featuredmedia":[{"embeddable":true,"href":"https:\/\/www.europesays.com\/fr\/wp-json\/wp\/v2\/media\/597448"}],"wp:attachment":[{"href":"https:\/\/www.europesays.com\/fr\/wp-json\/wp\/v2\/media?parent=597447"}],"wp:term":[{"taxonomy":"category","embeddable":true,"href":"https:\/\/www.europesays.com\/fr\/wp-json\/wp\/v2\/categories?post=597447"},{"taxonomy":"post_tag","embeddable":true,"href":"https:\/\/www.europesays.com\/fr\/wp-json\/wp\/v2\/tags?post=597447"}],"curies":[{"name":"wp","href":"https:\/\/api.w.org\/{rel}","templated":true}]}}