{"id":597459,"date":"2025-12-13T21:42:14","date_gmt":"2025-12-13T21:42:14","guid":{"rendered":"https:\/\/www.europesays.com\/fr\/597459\/"},"modified":"2025-12-13T21:42:14","modified_gmt":"2025-12-13T21:42:14","slug":"unibet-tietema-rockets-se-separe-de-giovanni-carboni-actualite","status":"publish","type":"post","link":"https:\/\/www.europesays.com\/fr\/597459\/","title":{"rendered":"Unibet Tietema Rockets se s\u00e9pare de Giovanni Carboni &#8211; Actualit\u00e9"},"content":{"rendered":"<p style=\"text-align: justify;\">Le 11 septembre dernier, l&rsquo;Union Cycliste Internationale avait annonc\u00e9 la suspension provisoire de Giovanni Carboni\u00a0<strong><a href=\"https:\/\/www.directvelo.com\/actualite\/123823\/giovanni-carboni-provisoirement-suspendu\" target=\"_blank\" rel=\"noopener\">en raison d\u2019anomalies inexpliqu\u00e9es dans son passeport biologique<\/a><\/strong> en 2024.<\/p>\n<p style=\"text-align: justify;\">Ce samedi soir, la ProTeam fran\u00e7aise Unibet Tietema Rockets, o\u00f9\u00a0<strong><a href=\"https:\/\/www.directvelo.com\/coureur\/11075\/giovanni-carboni\" target=\"_blank\" rel=\"noopener\">Giovanni Carboni<\/a><\/strong> \u00e9tait arriv\u00e9 l\u2019hiver dernier en provenance de la Continentale JCL Team Ukyo, annonce dans un communiqu\u00e9 \u201cmettre fin pr\u00e9matur\u00e9ment\u201d \u00e0 sa collaboration avec l\u2019Italien.<\/p>\n<p>Unibet Tietema Rockets informe \u201cavoir engag\u00e9 un dialogue avec le coureur\u201d\u00a0en octobre dernier et malgr\u00e9 la pr\u00e9somption d&rsquo;innocence, la formation fran\u00e7aise \u00e9voque \u201cune violation du devoir de transparence et de loyaut\u00e9 du coureur\u201d, ce qui l&rsquo;a conduite\u00a0\u00e0 s\u2019en s\u00e9parer.<\/p>\n<p>\u201cSi cette d\u00e9cision se situe en dehors du processus disciplinaire de l\u2019UCI, elle souligne notre engagement intransigeant envers l\u2019int\u00e9grit\u00e9, la transparence et la communication ouverte, conform\u00e9ment \u00e0 nos valeurs et \u00e0 notre statut en tant que membre du MPCC (le\u00a0Mouvement pour un cyclisme cr\u00e9dible)\u201d, conclut le communiqu\u00e9.<\/p>\n","protected":false},"excerpt":{"rendered":"Le 11 septembre dernier, l&rsquo;Union Cycliste Internationale avait annonc\u00e9 la suspension provisoire de Giovanni Carboni\u00a0en raison d\u2019anomalies inexpliqu\u00e9es&hellip;\n","protected":false},"author":2,"featured_media":597460,"comment_status":"","ping_status":"","sticky":false,"template":"","format":"standard","meta":{"footnotes":""},"categories":[1411],"tags":[834,828,836,829,837,827,83,826,824,823,1154,207,814,817,815,816,822,821,832,211,839,1011,27,820,818,819,835,831,830,833,838,60,212,208,825],"class_list":{"0":"post-597459","1":"post","2":"type-post","3":"status-publish","4":"format-standard","5":"has-post-thumbnail","7":"category-cyclisme","8":"tag-attaque","9":"tag-belgique","10":"tag-braquet","11":"tag-bretagne","12":"tag-chute","13":"tag-competition","14":"tag-coupe-de-france","15":"tag-coureur","16":"tag-course-cyclisme","17":"tag-course-cycliste","18":"tag-cycling","19":"tag-cyclisme","20":"tag-direct","21":"tag-direct-velo","22":"tag-directvelo","23":"tag-directvelo-com","24":"tag-epreuve","25":"tag-epreuve-cycliste","26":"tag-federation-francaise-de-cyclisme","27":"tag-ffc","28":"tag-flandres","29":"tag-fr","30":"tag-france","31":"tag-live","32":"tag-live-course","33":"tag-live-epreuve","34":"tag-peloton","35":"tag-radio-peloton","36":"tag-radio-tour","37":"tag-ravitaillement","38":"tag-relance","39":"tag-sports","40":"tag-uci","41":"tag-velo","42":"tag-velos"},"share_on_mastodon":{"url":"https:\/\/pubeurope.com\/@fr\/115714440863416393","error":""},"_links":{"self":[{"href":"https:\/\/www.europesays.com\/fr\/wp-json\/wp\/v2\/posts\/597459","targetHints":{"allow":["GET"]}}],"collection":[{"href":"https:\/\/www.europesays.com\/fr\/wp-json\/wp\/v2\/posts"}],"about":[{"href":"https:\/\/www.europesays.com\/fr\/wp-json\/wp\/v2\/types\/post"}],"author":[{"embeddable":true,"href":"https:\/\/www.europesays.com\/fr\/wp-json\/wp\/v2\/users\/2"}],"replies":[{"embeddable":true,"href":"https:\/\/www.europesays.com\/fr\/wp-json\/wp\/v2\/comments?post=597459"}],"version-history":[{"count":0,"href":"https:\/\/www.europesays.com\/fr\/wp-json\/wp\/v2\/posts\/597459\/revisions"}],"wp:featuredmedia":[{"embeddable":true,"href":"https:\/\/www.europesays.com\/fr\/wp-json\/wp\/v2\/media\/597460"}],"wp:attachment":[{"href":"https:\/\/www.europesays.com\/fr\/wp-json\/wp\/v2\/media?parent=597459"}],"wp:term":[{"taxonomy":"category","embeddable":true,"href":"https:\/\/www.europesays.com\/fr\/wp-json\/wp\/v2\/categories?post=597459"},{"taxonomy":"post_tag","embeddable":true,"href":"https:\/\/www.europesays.com\/fr\/wp-json\/wp\/v2\/tags?post=597459"}],"curies":[{"name":"wp","href":"https:\/\/api.w.org\/{rel}","templated":true}]}}