{"id":597463,"date":"2025-12-13T21:44:15","date_gmt":"2025-12-13T21:44:15","guid":{"rendered":"https:\/\/www.europesays.com\/fr\/597463\/"},"modified":"2025-12-13T21:44:15","modified_gmt":"2025-12-13T21:44:15","slug":"karine-ferri-qui-est-yoann-gourcuff-son-discret-mari-un-ancien-joueur-de-football-reconverti-papa-au-foyer","status":"publish","type":"post","link":"https:\/\/www.europesays.com\/fr\/597463\/","title":{"rendered":"Karine Ferri : qui est Yoann Gourcuff, son discret mari, un ancien joueur de football reconverti papa au foyer ?"},"content":{"rendered":"<p>Apr\u00e8s avoir fait ses armes sur M6, puis fait un passage sur<br \/>\nDirect 8, <strong>Karine Ferri<\/strong>, 43 ans, est devenue un<br \/>\npilier du groupe TF1&#8230; auquel elle a fait ses <a href=\"https:\/\/www.grazia.fr\/people\/clap-de-fin-pour-karine-ferri-lanimatrice-de-43-ans-connait-un-grand-changement-dans-sa-carriere-1175662.html\" target=\"_blank\" rel=\"noopener\">adieux cet \u00e9t\u00e9<\/a>. C\u00a0\u00bbest d\u00e9sormais<br \/>\nau sein du groupe RMC \/ BFM qu&rsquo;elle poursuit sa carri\u00e8re<br \/>\nd&rsquo;animatrice. \u00c9panouie dans sa vie professionnelle, elle l&rsquo;est<br \/>\naussi dans sa vie priv\u00e9e. Depuis pr\u00e8s de quinze ans, elle partage<br \/>\nla vie d&rsquo;un ancien prodige du ballon rond fran\u00e7ais devenu papa au<br \/>\nfoyer : <strong>Yoann Gourcuff<\/strong>.<\/p>\n<p>Yoann Gourcuff, un footballeur dou\u00e9, mais trop souvent<br \/>\nbless\u00e9<\/p>\n<p>Le football, il est tomb\u00e9 dedans tout petit ! Natif de Ploemeur,<br \/>\ndans le Morbihan, o\u00f9 il voit le jour en 1986, <strong>Yoann<br \/>\nGourcuff<\/strong> suit les traces de son p\u00e8re, Christian, joueur<br \/>\npuis entra\u00eeneur respect\u00e9. En bon Breton, Yoann, milieu offensif,<br \/>\nfait ses d\u00e9buts au sein du Stade Rennais o\u00f9 il joue de 2003 \u00e0 2006<br \/>\navant de filer en Italie, au Milan AC. C&rsquo;est un destin en or qu&rsquo;on<br \/>\nlui promet&#8230; Encore faut-il jouer ! Frustr\u00e9 par un temps de jeu<br \/>\nlimit\u00e9, il renonce \u00e0 la dolce vita et c&rsquo;est aux Girondins de<br \/>\nBordeaux qu&rsquo;il rebondit. Comme un certain Zin\u00e9dine Zidane avant<br \/>\nlui, auquel on le compare&#8230;<\/p>\n<p>Champion de France en 2009, appel\u00e9 en \u00e9quipe de France, il ne<br \/>\nconna\u00eetra malheureusement pas la carri\u00e8re de son illustre a\u00een\u00e9. Ce<br \/>\nn&rsquo;est pas son talent qui est en cause, mais sa sant\u00e9. Yoann, gar\u00e7on<br \/>\nfragile, encha\u00eene les p\u00e9pins physiques&#8230; Les <strong>blessures \u00e0<br \/>\nr\u00e9p\u00e9tition<\/strong> freinent sa carri\u00e8re et ses ambitions. Sur<br \/>\ncourant alternatif, Yoann passe par l&rsquo;Olympique Lyonnais puis<br \/>\nretourne au Stade Rennais. Il brille par intermittence, alterne le<br \/>\nbon et le moins bon, et peine \u00e0 (re)trouver son meilleur niveau.<br \/>\nTout \u00e7a pour finir discr\u00e8tement sa carri\u00e8re au Dijon FCO. Il<br \/>\nraccroche les crampons en janvier 2019, \u00e0 seulement 32 ans. Avec la<br \/>\nf\u00e2cheuse impression d&rsquo;un beau <strong>g\u00e2chis<\/strong>.<\/p>\n<p>Yoann Gourcuff, malheureux au jeu,<br \/>\nheureux en amour<\/p>\n<p>Mais dans sa vie personnelle, Yoann a tout gagn\u00e9. Fin 2011,<br \/>\nalors joueur \u00e0 Lyon, il tombe sous le charme de l&rsquo;animatrice Karine<br \/>\nFerri (Fan de stars, The Voice, Danse avec<br \/>\nles stars, Chroniques criminelles&#8230;). C&rsquo;est sur les<br \/>\npistes enneig\u00e9es de Tignes qu&rsquo;ils font connaissance. Et ils ne sont<br \/>\nplus quitt\u00e9s. Depuis, le sportif et l&rsquo;ex-Miss Paris (et ancienne<br \/>\nfinaliste malheureuse de la deuxi\u00e8me saison du Bachelor, le<br \/>\ngentleman c\u00e9libataire&#8230; eh oui !) forment <strong>un couple<br \/>\naussi solide que discret<\/strong>. Mais \u00e7a ne les emp\u00eache pas de se<br \/>\nretrouver en couverture de Closer tous les six mois&#8230;<\/p>\n<p>Yoann et Karine, de quatre ans son a\u00een\u00e9, <strong>se sont mari\u00e9s<br \/>\nen juin 2019<\/strong> \u00e0 La Motte, dans le Var. Ils sont les heureux<br \/>\nparents de trois enfants, Ma\u00ebl, n\u00e9 en 2016, Claudia, n\u00e9e en 2018,<br \/>\net Sasha, n\u00e9e en 2023. \u00ab\u00a0Je suis une maman combl\u00e9e, une femme<br \/>\ncombl\u00e9e, a confi\u00e9 <a href=\"https:\/\/www.grazia.fr\/beaute\/forme-minceur\/25-kilos-sont-partis-rapidement-meme-karine-ferri-a-adopte-cette-astuce-minceur-pour-perdre-du-poids-apres-sa-grossesse-1189098.html\" target=\"_blank\" rel=\"noopener\">Karine Ferri<\/a> \u00e0 Radio Monaco en<br \/>\n2022. Je dis souvent \u00e0 mes copines qui n&rsquo;ont pas cette chance,<br \/>\nj&rsquo;esp\u00e8re qu&rsquo;un jour elles l&rsquo;auront parce que c&rsquo;est super de pouvoir<br \/>\n\u00eatre sereine et de se r\u00e9veiller tous les jours en te disant &lsquo;waouh<br \/>\n!'\u00a0\u00bb<\/p>\n<p>C&rsquo;est du c\u00f4t\u00e9 de <a href=\"https:\/\/www.grazia.fr\/people\/karine-ferri-decouvrez-sa-maison-cachee-dans-une-epaisse-foret-dans-laquelle-elle-eleve-ses-enfants-avec-yoann-gourcuff-1188827.html\" target=\"_blank\" rel=\"noopener\">Ploemeur<\/a> que la petite famille<br \/>\nvit, \u00e0 l&rsquo;abri des regards indiscrets. Quitter le monde du football<br \/>\na fait du bien \u00e0 Yoann Gourcuff qui s&rsquo;\u00e9panouit dans son r\u00f4le de<br \/>\n<strong>papa au foyer<\/strong>\u00a0:\u00a0\u00ab\u00a0Je me r\u00e9gale. Je<br \/>\nn\u2019ai aucun souci \u00e0 dire que je suis p\u00e8re au foyer, a-t-il<br \/>\navou\u00e9 \u00e0 <a href=\"https:\/\/www.ouest-france.fr\/sport\/football\/yoann-gourcuff\/entretien-1-2-yoann-gourcuff-japprecie-pleinement-ma-nouvelle-vie-e26be120-e026-11ed-85f8-8628b3aa7259\" target=\"_blank\" rel=\"nofollow noopener\">Ouest-France<\/a> en<br \/>\n2023.\u00a0 Les journ\u00e9es sont bien remplies, mais voir grandir<br \/>\nmes enfants chaque jour, c\u2019est un privil\u00e8ge. Qui plus est dans un<br \/>\ncontexte paisible. Ici, on n&rsquo;est pas emb\u00eat\u00e9. Il y a de l&rsquo;espace, la<br \/>\nmer, les plages, les for\u00eats, les sentiers\u2026\u00a0\u00bb<\/p>\n<blockquote class=\"instagram-media\" style=\"background: #ffffff;border: 0;margin: 1px;width: 100%;padding: 0;max-width: 500px;\" data-instgrm-permalink=\"https:\/\/www.instagram.com\/p\/DQBQIZPCGP\" data-instgrm-version=\"14\"\/>\n<p><script async src=\"\/\/www.instagram.com\/embed.js\"><\/script><\/p>\n","protected":false},"excerpt":{"rendered":"Apr\u00e8s avoir fait ses armes sur M6, puis fait un passage sur Direct 8, Karine Ferri, 43 ans,&hellip;\n","protected":false},"author":2,"featured_media":597464,"comment_status":"","ping_status":"","sticky":false,"template":"","format":"standard","meta":{"footnotes":""},"categories":[1359],"tags":[58,59,1011,27,973,6055],"class_list":{"0":"post-597463","1":"post","2":"type-post","3":"status-publish","4":"format-standard","5":"has-post-thumbnail","7":"category-people","8":"tag-divertissement","9":"tag-entertainment","10":"tag-fr","11":"tag-france","12":"tag-people","13":"tag-republishing"},"share_on_mastodon":{"url":"https:\/\/pubeurope.com\/@fr\/115714448773460206","error":""},"_links":{"self":[{"href":"https:\/\/www.europesays.com\/fr\/wp-json\/wp\/v2\/posts\/597463","targetHints":{"allow":["GET"]}}],"collection":[{"href":"https:\/\/www.europesays.com\/fr\/wp-json\/wp\/v2\/posts"}],"about":[{"href":"https:\/\/www.europesays.com\/fr\/wp-json\/wp\/v2\/types\/post"}],"author":[{"embeddable":true,"href":"https:\/\/www.europesays.com\/fr\/wp-json\/wp\/v2\/users\/2"}],"replies":[{"embeddable":true,"href":"https:\/\/www.europesays.com\/fr\/wp-json\/wp\/v2\/comments?post=597463"}],"version-history":[{"count":0,"href":"https:\/\/www.europesays.com\/fr\/wp-json\/wp\/v2\/posts\/597463\/revisions"}],"wp:featuredmedia":[{"embeddable":true,"href":"https:\/\/www.europesays.com\/fr\/wp-json\/wp\/v2\/media\/597464"}],"wp:attachment":[{"href":"https:\/\/www.europesays.com\/fr\/wp-json\/wp\/v2\/media?parent=597463"}],"wp:term":[{"taxonomy":"category","embeddable":true,"href":"https:\/\/www.europesays.com\/fr\/wp-json\/wp\/v2\/categories?post=597463"},{"taxonomy":"post_tag","embeddable":true,"href":"https:\/\/www.europesays.com\/fr\/wp-json\/wp\/v2\/tags?post=597463"}],"curies":[{"name":"wp","href":"https:\/\/api.w.org\/{rel}","templated":true}]}}