{"id":597467,"date":"2025-12-13T21:48:24","date_gmt":"2025-12-13T21:48:24","guid":{"rendered":"https:\/\/www.europesays.com\/fr\/597467\/"},"modified":"2025-12-13T21:48:24","modified_gmt":"2025-12-13T21:48:24","slug":"estimations-star-academy-qui-sera-elimine-le-13-decembre-2025-avant-la-tournee-le-public-a-vote-et-cest-tres-serre","status":"publish","type":"post","link":"https:\/\/www.europesays.com\/fr\/597467\/","title":{"rendered":"ESTIMATIONS Star Academy : qui sera \u00e9limin\u00e9 le 13 d\u00e9cembre 2025, avant la tourn\u00e9e ? Le public a vot\u00e9 et c&rsquo;est tr\u00e8s serr\u00e9"},"content":{"rendered":"<p class=\"mb-4 text-lg md:leading-8 break-words\">Ce samedi 13 d\u00e9cembre 2025, on connaitra enfin les noms de tous les \u00e9l\u00e8ves de la Star Academy qui participeront \u00e0 la tourn\u00e9e de 2026. Ils sont 7 candidats sur le banc des nomm\u00e9s ce week-end : Victor, L\u00e9a, Jeanne, Th\u00e9o P., Anouk, M\u00e9lissa et L\u00e9o. Qui sera \u00e9limin\u00e9 ? Voici les estimations d&rsquo;apr\u00e8s notre sondage.<\/p>\n<p class=\"mb-4 text-lg md:leading-8 break-words\">Depuis le d\u00e9but de cette \u00e9dition 2025, c&rsquo;est probablement le prime le plus important pour les \u00e9l\u00e8ves de la saison 13 de la <strong>Star Academy<\/strong>. Ce samedi 13 d\u00e9cembre 2025, on connaitra d\u00e9finitivement les noms des candidats qui participeront \u00e0 la tourn\u00e9e, lanc\u00e9e en 2026.<\/p>\n<p class=\"mb-4 text-lg md:leading-8 break-words\">Quels \u00e9l\u00e8ves participeront \u00e0 la tourn\u00e9e 2026 de la Star Academy ?<\/p>\n<p class=\"mb-4 text-lg md:leading-8 break-words\">A l&rsquo;heure actuelle, seuls trois d&rsquo;entre eux sont d\u00e9j\u00e0 assur\u00e9s de participer \u00e0 l&rsquo;\u00e9v\u00e8nement : <strong>Ambre<\/strong>,<strong> Sarah <\/strong>et<strong> Bastiaan<\/strong>. La premi\u00e8re a valid\u00e9 son ticket gr\u00e2ce \u00e0 son immunit\u00e9 remport\u00e9e lors du pr\u00e9c\u00e9dent prime, la deuxi\u00e8me a \u00e9t\u00e9 r\u00e9compens\u00e9e pour avoir r\u00e9alis\u00e9 le meilleur tableau chant\u00e9-dans\u00e9 de la saison et le dernier s&rsquo;est sauv\u00e9 en signant la meilleure \u00e9valuation de la semaine.<\/p>\n<p class=\"mb-4 text-lg md:leading-8 break-words\">Cela signifie qu&rsquo;ils sont donc 7 \u00e9l\u00e8ves sur le banc des nomm\u00e9s ce week-end. 7 \u00e9l\u00e8ves \u00e0 jouer leur place dans l&rsquo;aventure musicale de TF1 : <strong>Victor<\/strong>, <strong>L\u00e9a<\/strong>, <strong>Jeanne<\/strong>, <strong>Th\u00e9o P.<\/strong>, <strong>Anouk<\/strong>, <strong>M\u00e9lissa<\/strong> et<strong> L\u00e9o<\/strong>. Et comme la semaine pass\u00e9e, aucun rep\u00eachage possible par leurs camarades, c&rsquo;est uniquement le vote du public qui choisira les heureux chanceux.<\/p>\n<p class=\"mb-4 text-lg md:leading-8 break-words\">Qui doit \u00eatre \u00e9limin\u00e9e lors du prime du 13 d\u00e9cembre 2025 de la Star Academy 2025<\/p>\n<p class=\"mb-4 text-lg md:leading-8 break-words\">Et justement, qui ne m\u00e9rite pas de participer \u00e0 la tourn\u00e9e ? On vous a pos\u00e9 la question lors de&#8230;<\/p>\n<p class=\"mb-4 text-lg md:leading-8 break-words\"><a href=\"https:\/\/www.purebreak.com\/news\/estimations-star-academy-qui-sera-elimine-le-13-decembre-2025-avant-la-tournee-le-public-a-vote-et-cest-tres-serre\/255450\" rel=\"nofollow noopener\" target=\"_blank\" data-ylk=\"slk:Lire la suite;elm:context_link;itc:0;sec:content-canvas\" class=\"link \">Lire la suite<\/a><\/p>\n<p class=\"mb-4 text-lg md:leading-8 break-words\">\u00c0 lire aussi<\/p>\n<p class=\"mb-4 text-lg md:leading-8 break-words\"><a href=\"https:\/\/www.purebreak.com\/news\/sondage-star-academy-2025-7-nommes-avant-la-tournee-quel-eleve-doit-etre-elimine-le-13-decembre-2025-a-vous-de-voter\/255404\" rel=\"nofollow noopener\" target=\"_blank\" data-ylk=\"slk:SONDAGE Star Academy 2025 : 7 nomm\u00e9s avant la tourn\u00e9e, quel \u00e9l\u00e8ve doit \u00eatre \u00e9limin\u00e9 le 13 d\u00e9cembre 2025 ? A vous de voter;elm:context_link;itc:0;sec:content-canvas\" class=\"link \">SONDAGE Star Academy 2025 : 7 nomm\u00e9s avant la tourn\u00e9e, quel \u00e9l\u00e8ve doit \u00eatre \u00e9limin\u00e9 le 13 d\u00e9cembre 2025 ? A vous de voter<\/a><br \/><a href=\"https:\/\/www.purebreak.com\/news\/estimations-star-academy-qui-de-lily-jeanne-et-melissa-va-etre-elimine-le-5-decembre-2025-le-public-a-vote\/255368\" rel=\"nofollow noopener\" target=\"_blank\" data-ylk=\"slk:ESTIMATIONS Star Academy : qui de Lily, Jeanne et M\u00e9lissa va \u00eatre \u00e9limin\u00e9 le 5 d\u00e9cembre 2025 ? Le public a vot\u00e9;elm:context_link;itc:0;sec:content-canvas\" class=\"link \">ESTIMATIONS Star Academy : qui de Lily, Jeanne et M\u00e9lissa va \u00eatre \u00e9limin\u00e9 le 5 d\u00e9cembre 2025 ? Le public a vot\u00e9<\/a><br \/><a href=\"https:\/\/www.purebreak.com\/news\/estimations-star-academy-qui-de-ema-theo-l-et-leane-va-etre-elimine-le-14-novembre-2025-le-public-a-vote\/255179\" rel=\"nofollow noopener\" target=\"_blank\" data-ylk=\"slk:ESTIMATIONS Star Academy : qui de Ema, Th\u00e9o L. et L\u00e9ane va \u00eatre \u00e9limin\u00e9 le 14 novembre 2025 ? Le public a vot\u00e9;elm:context_link;itc:0;sec:content-canvas\" class=\"link \">ESTIMATIONS Star Academy : qui de Ema, Th\u00e9o L. et L\u00e9ane va \u00eatre \u00e9limin\u00e9 le 14 novembre 2025 ? Le public a vot\u00e9<\/a><\/p>\n","protected":false},"excerpt":{"rendered":"Ce samedi 13 d\u00e9cembre 2025, on connaitra enfin les noms de tous les \u00e9l\u00e8ves de la Star Academy&hellip;\n","protected":false},"author":2,"featured_media":597468,"comment_status":"","ping_status":"","sticky":false,"template":"","format":"standard","meta":{"footnotes":""},"categories":[1356],"tags":[49832,58,59,1011,27,5095,252,4441,1364],"class_list":{"0":"post-597467","1":"post","2":"type-post","3":"status-publish","4":"format-standard","5":"has-post-thumbnail","7":"category-television","8":"tag-decembre","9":"tag-divertissement","10":"tag-entertainment","11":"tag-fr","12":"tag-france","13":"tag-star-academy","14":"tag-television","15":"tag-tournee","16":"tag-tv"},"share_on_mastodon":{"url":"https:\/\/pubeurope.com\/@fr\/115714464435550926","error":""},"_links":{"self":[{"href":"https:\/\/www.europesays.com\/fr\/wp-json\/wp\/v2\/posts\/597467","targetHints":{"allow":["GET"]}}],"collection":[{"href":"https:\/\/www.europesays.com\/fr\/wp-json\/wp\/v2\/posts"}],"about":[{"href":"https:\/\/www.europesays.com\/fr\/wp-json\/wp\/v2\/types\/post"}],"author":[{"embeddable":true,"href":"https:\/\/www.europesays.com\/fr\/wp-json\/wp\/v2\/users\/2"}],"replies":[{"embeddable":true,"href":"https:\/\/www.europesays.com\/fr\/wp-json\/wp\/v2\/comments?post=597467"}],"version-history":[{"count":0,"href":"https:\/\/www.europesays.com\/fr\/wp-json\/wp\/v2\/posts\/597467\/revisions"}],"wp:featuredmedia":[{"embeddable":true,"href":"https:\/\/www.europesays.com\/fr\/wp-json\/wp\/v2\/media\/597468"}],"wp:attachment":[{"href":"https:\/\/www.europesays.com\/fr\/wp-json\/wp\/v2\/media?parent=597467"}],"wp:term":[{"taxonomy":"category","embeddable":true,"href":"https:\/\/www.europesays.com\/fr\/wp-json\/wp\/v2\/categories?post=597467"},{"taxonomy":"post_tag","embeddable":true,"href":"https:\/\/www.europesays.com\/fr\/wp-json\/wp\/v2\/tags?post=597467"}],"curies":[{"name":"wp","href":"https:\/\/api.w.org\/{rel}","templated":true}]}}