{"id":597469,"date":"2025-12-13T21:50:14","date_gmt":"2025-12-13T21:50:14","guid":{"rendered":"https:\/\/www.europesays.com\/fr\/597469\/"},"modified":"2025-12-13T21:50:14","modified_gmt":"2025-12-13T21:50:14","slug":"helene-segara-se-souvient-de-ses-debuts-difficiles","status":"publish","type":"post","link":"https:\/\/www.europesays.com\/fr\/597469\/","title":{"rendered":"H\u00e9l\u00e8ne S\u00e9gara se souvient de ses d\u00e9buts difficiles"},"content":{"rendered":"<p>    H\u00e9l\u00e8ne S\u00e9gara pr\u00e9pare un album de duos et un ouvrage sur la r\u00e9silience.<br \/>\n                Vim\/ABACA<\/p>\n<p>\n    Son nouvel album de duos, sa maladie, sa peur des cam\u00e9ras&#8230; La chanteuse s\u2019est confi\u00e9e au micro de RTL.<\/p>\n<p class=\"fig-paragraph\"><a href=\"http:\/\/tvmag.lefigaro.fr\/programme-tv\/people\/je-ne-pensais-qu-a-me-barrer-helene-segara-se-lache-dans-c-a-vous-20240611\" data-fig-type=\"Article\" data-gtm-custom-categorie=\"navigation\" data-gtm-custom-action=\"crossclick\" data-gtm-custom-label=\"Contextuel\" data-gtm-event=\"customEventSPE\" data-fig-domain=\"TVMAG\" target=\"_blank\" rel=\"noopener\">H\u00e9l\u00e8ne S\u00e9gara<\/a>\u00a0va bient\u00f4t f\u00eater ses 30 ans de carri\u00e8re. La chanteuse et jur\u00e9e de l\u2019\u00e9mission \u00abLa France a un incroyable talent\u00bb pr\u00e9pare ainsi un concert symphonique exceptionnel \u00e0 la Salle Pleyel le 28 f\u00e9vrier 2026 et peaufine un album de duos o\u00f9 devraient appara\u00eetre Philippe Katherine, Florent Pagny et la com\u00e9dienne phare de la s\u00e9rie Once Upon A Time\u00a0<a href=\"https:\/\/tvmag.lefigaro.fr\/programme-tv\/lana-parrilla-why-women-kill-m6-eva-longoria-a-suggere-mon-nom-pour-ce-role_497077ea-6c7f-11ec-bcfb-2ff4eb85ac20\" data-fig-type=\"Article\" data-gtm-custom-categorie=\"navigation\" data-gtm-custom-action=\"crossclick\" data-gtm-custom-label=\"Contextuel\" data-gtm-event=\"customEventSPE\" data-fig-domain=\"TVMAG\" target=\"_blank\" rel=\"noopener\">Lana Parrilla<\/a>. Invit\u00e9e de l\u2019\u00e9mission radio de RTL \u00abOn Refait la T\u00e9l\u00e9\u00bb, H\u00e9l\u00e8ne S\u00e9gara s\u2019est laiss\u00e9e aller aux confidences.<\/p>\n<p class=\"fig-paragraph\">Elle est ainsi revenue sur ses d\u00e9buts difficiles \u00e0 Paris. M\u00e8re c\u00e9libataire d\u2019un petit Rapha\u00ebl, elle tirait le diable par la queue. Lorsqu\u2019elle entend pour la premi\u00e8re fois son futur tube Je vous aime adieu, elle fait ses courses au supermarch\u00e9. \u00abArriv\u00e9e en caisse, j\u2019avais pas assez d\u2019argent. J\u2019\u00e9tais l\u00e0 \u00e0 compter toutes mes petites pi\u00e8ces. Puis j\u2019entends mon titre. Waouh. Ce qui m\u2019a donn\u00e9 la force de r\u00e9sister, c\u2019\u00e9tait mon fils pour lui offrir un meilleur futur. Il fallait se battre pour lui. C\u2019est devenu un super gar\u00e7on. J\u2019en suis tr\u00e8s fi\u00e8re\u00bb. Pour percer, elle a aussi d\u00fb apprivoiser sa peur de la cam\u00e9ra \u00abqui lui faisait perdre tous ses moyens et baisser les yeux. J\u2019ai d\u00fb apprendre \u00e0 faire ma bulle\u00bb. Cette peur la poursuit longtemps m\u00eame lorsqu\u2019elle fait la tourn\u00e9e des plateaux avec Andrea Bocelli pour interpr\u00e9ter leur duo Vivo per lei. \u00abMon pouls \u00e9tait vraiment \u00e0 10 000 juste avant la chanson\u00bb.<\/p>\n<p>                                                                <a class=\"fig-a11y-skip\" href=\"#fig-a11y-skip-main-inarticle\" data-module=\"a11y-skip\" data-context=\"was @visible\"><br \/>\n    Passer la publicit\u00e9<br \/>\n<\/a>            <\/p>\n<p class=\"fig-paragraph\">H\u00e9l\u00e8ne S\u00e9gara a \u00e9voqu\u00e9 aussi ses probl\u00e8mes de sant\u00e9, notamment \u00e0 l\u2019\u0153il droit. \u00abIl est d\u00e9sormais stable. Je suis fi\u00e8re d\u2019avoir remont\u00e9 la pente et de mener \u00e0 terme mes projets que j\u2019ai sem\u00e9s et germ\u00e9s pendant ses moments o\u00f9 j\u2019\u00e9tais diminu\u00e9e. Je relativise, je dis toujours qu\u2019il y a plus grave que moi. Je me suis accroch\u00e9e \u00e0 ce que je pouvais. Je disais le moins possible que j\u2019\u00e9tais \u00e0 l\u2019h\u00f4pital. Je n\u2019appelle pas mes amis quand \u00e7a va mal mais ils ne le vivent pas tr\u00e8s bien\u00bb, note celle qui pr\u00e9pare un livre sur la r\u00e9silience et la force du mental, inspir\u00e9 par ses \u00e9preuves.<\/p>\n<p>                                                                \u00abJ\u2019esp\u00e8re en \u00eatre si on ne se lasse pas de moi\u00bb<\/p>\n<p class=\"fig-paragraph\">Membre du jury d\u2019Un incroyable talent depuis 2015, la chanteuse esp\u00e8re continuer l\u2019aventure. \u00abJ\u2019esp\u00e8re en \u00eatre si on ne se lasse pas de moi\u00bb, confie-t-elle. Pour elle, la force du jury r\u00e9side dans sa compl\u00e9mentarit\u00e9 et son authenticit\u00e9. \u00abIl n\u2019y a pas de choses sc\u00e9naris\u00e9es\u2026 on a demand\u00e9 cette libert\u00e9-l\u00e0 pour avoir de la spontan\u00e9it\u00e9 et de la sinc\u00e9rit\u00e9. On n\u2019est pas d\u2019accord. On le dit\u2026 on parle vrai. Rien n\u2019est pr\u00e9par\u00e9 entre nous. Si on a envie de se prendre la t\u00eate, on se la prend\u00bb. Avant de plaisanter\u00a0: \u00abCela sera tr\u00e8s dur pour eux de trouver quelqu\u2019un de bienveillant et de rigolo comme moi!\u00bb.<\/p>\n","protected":false},"excerpt":{"rendered":"H\u00e9l\u00e8ne S\u00e9gara pr\u00e9pare un album de duos et un ouvrage sur la r\u00e9silience. Vim\/ABACA Son nouvel album de&hellip;\n","protected":false},"author":2,"featured_media":597470,"comment_status":"","ping_status":"","sticky":false,"template":"","format":"standard","meta":{"footnotes":""},"categories":[1355],"tags":[58,59,1011,27,38075,1361,873,2700],"class_list":{"0":"post-597469","1":"post","2":"type-post","3":"status-publish","4":"format-standard","5":"has-post-thumbnail","7":"category-musique","8":"tag-divertissement","9":"tag-entertainment","10":"tag-fr","11":"tag-france","12":"tag-helene-segara","13":"tag-music","14":"tag-musique","15":"tag-rtl"},"share_on_mastodon":{"url":"https:\/\/pubeurope.com\/@fr\/115714472307869513","error":""},"_links":{"self":[{"href":"https:\/\/www.europesays.com\/fr\/wp-json\/wp\/v2\/posts\/597469","targetHints":{"allow":["GET"]}}],"collection":[{"href":"https:\/\/www.europesays.com\/fr\/wp-json\/wp\/v2\/posts"}],"about":[{"href":"https:\/\/www.europesays.com\/fr\/wp-json\/wp\/v2\/types\/post"}],"author":[{"embeddable":true,"href":"https:\/\/www.europesays.com\/fr\/wp-json\/wp\/v2\/users\/2"}],"replies":[{"embeddable":true,"href":"https:\/\/www.europesays.com\/fr\/wp-json\/wp\/v2\/comments?post=597469"}],"version-history":[{"count":0,"href":"https:\/\/www.europesays.com\/fr\/wp-json\/wp\/v2\/posts\/597469\/revisions"}],"wp:featuredmedia":[{"embeddable":true,"href":"https:\/\/www.europesays.com\/fr\/wp-json\/wp\/v2\/media\/597470"}],"wp:attachment":[{"href":"https:\/\/www.europesays.com\/fr\/wp-json\/wp\/v2\/media?parent=597469"}],"wp:term":[{"taxonomy":"category","embeddable":true,"href":"https:\/\/www.europesays.com\/fr\/wp-json\/wp\/v2\/categories?post=597469"},{"taxonomy":"post_tag","embeddable":true,"href":"https:\/\/www.europesays.com\/fr\/wp-json\/wp\/v2\/tags?post=597469"}],"curies":[{"name":"wp","href":"https:\/\/api.w.org\/{rel}","templated":true}]}}