{"id":59747,"date":"2025-04-28T17:08:13","date_gmt":"2025-04-28T17:08:13","guid":{"rendered":"https:\/\/www.europesays.com\/fr\/59747\/"},"modified":"2025-04-28T17:08:13","modified_gmt":"2025-04-28T17:08:13","slug":"la-france-est-elle-vraiment-un-mauvais-eleve","status":"publish","type":"post","link":"https:\/\/www.europesays.com\/fr\/59747\/","title":{"rendered":"la France est-elle vraiment un mauvais \u00e9l\u00e8ve ?"},"content":{"rendered":"<p>             <a href=\"https:\/\/ma-sante.news\/wp-content\/uploads\/2025\/04\/Bus-HPV-campagne-vaccination_credit-Region-AuRA.jpg\" data-caption=\"Le Bus Pr\u00e9vention Sant\u00e9 lanc\u00e9 par la R\u00e9gion Auvergne-Rh\u00f4ne-Alpes explique, en partie l&#039;augmentation de la vaccination chez les adolescents de 15 \u00e0 19 ans \u00a9R\u00e9gion AuRA\" target=\"_blank\" rel=\"noopener\"><img loading=\"lazy\" decoding=\"async\" width=\"696\" height=\"464\" class=\"entry-thumb td-modal-image\" src=\"data:image\/svg+xml,%3Csvg%20xmlns=\" http:=\"\" data-lazy- data-lazy- alt=\"Le bus Pr\u00e9vention Sant\u00e9 fait route dans les lyc\u00e9ess pour promouvoir la vaccination contre les papillomavirus\" title=\"Bus Pr\u00e9vention Sant\u00e9 campagne vaccination_credit Region AuRA\" data-lazy-src=\"https:\/\/www.europesays.com\/fr\/wp-content\/uploads\/2025\/04\/Bus-HPV-campagne-vaccination_credit-Region-AuRA-696x464.jpg\"\/><\/a>Le Bus Pr\u00e9vention Sant\u00e9 lanc\u00e9 par la R\u00e9gion Auvergne-Rh\u00f4ne-Alpes explique, en partie l&rsquo;augmentation de la vaccination chez les adolescents de 15 \u00e0 19 ans \u00a9R\u00e9gion AuRA                                    \t\t\t             <a class=\"gofollow\" data-track=\"MjgsMCwxLDYw\" href=\"https:\/\/ma-sante.news\/inscrivez-vous-a-notre-newsletter\/\" target=\"_blank\" rel=\"noopener\"><img loading=\"lazy\" decoding=\"async\" width=\"1068\" height=\"131\" src=\"data:image\/svg+xml,%3Csvg%20xmlns=\" http:=\"\" data-lazy-src=\"https:\/\/www.europesays.com\/fr\/wp-content\/uploads\/2025\/03\/banniere-newsletter.png\"\/><\/a> <\/p>\n<p>A l\u2019occasion de la Semaine europ\u00e9enne de la vaccination, du 27 avril au 3 mai 2025, Sant\u00e9 Publique France vient de publier son bilan de la couverture vaccinale en France en 2024. Ce rapport tr\u00e8s d\u00e9taill\u00e9 r\u00e9v\u00e8le d\u2019importantes disparit\u00e9s en fonction des tranches d\u2019\u00e2ges et des cat\u00e9gories de vaccins.\u00a0<\/p>\n<p>Premier constat, les seniors de plus de 65 ans, cens\u00e9s avoir la sagesse de l\u2019\u00e2ge, sont en r\u00e9alit\u00e9 d\u2019assez mauvais \u00e9l\u00e8ves en termes de vaccination. Ainsi, seule une personne sur deux de plus de 65 ans affirme \u00eatre correctement vaccin\u00e9e contre la dipht\u00e9rie, le t\u00e9tanos et la poliomy\u00e9lite (DTP), ou encore contre la grippe. Plus grave, plus les personnes sont \u00e2g\u00e9es et moins elles sont vaccin\u00e9es contre le DTP\u00a0!\u00a0<\/p>\n<p>Le vaccin contre la grippe ne rencontre pas davantage d\u2019engouement chez nos seniors. Alors que l\u2019\u00e9pid\u00e9mie saisonni\u00e8re fait chaque ann\u00e9e des ravages dans les rangs de nos a\u00een\u00e9s, \u00e0 peine plus de la moiti\u00e9 (54%) des plus de 65 ans prennent l\u2019initiative de se faire vacciner.\u00a0<\/p>\n<p>La couverture vaccinale est encore bien plus faible pour les infections \u00e0 pneumocoques, moins de 20% des seniors \u00e9tant correctement vaccin\u00e9s.\u00a0\u00ab\u00a0Pour am\u00e9liorer ces couvertures vaccinales, il est n\u00e9cessaire de rappeler l\u2019int\u00e9r\u00eat du bilan pr\u00e9vention (entre 60 et 65 ans) et de la consultation gratuite \u00e0 65 ans, notamment dans le contexte de nouvelles recommandations de vaccination pour les personnes \u00e2g\u00e9es de 65 ans et plus en 2025\u00a0\u00bb, rappelle Sant\u00e9 Publique France.<\/p>\n<p>    La surveillance demeure du c\u00f4t\u00e9 de la vaccination contre la rougeole    <\/p>\n<p>Heureusement, dans les autres tranches d\u2019\u00e2ges, le constat est moins alarmant. Chez les nourrissons, l\u2019autorit\u00e9 de sant\u00e9 se f\u00e9licite d\u2019une couverture \u00ab\u00a0\u00e9lev\u00e9e\u00a0\u00bb pour les vaccins obligatoires. C\u2019est notamment le cas pour la vaccination contre les infections invasives \u00e0 m\u00e9ningocoques, vaccination devenue obligatoire depuis le d\u00e9but de l\u2019ann\u00e9e pour tous les nourrissons. Une nouvelle rassurante alors que les cas de m\u00e9ningites se sont multipli\u00e9s ces derniers mois dans tout le pays.\u00a0<\/p>\n<p>En revanche, Sant\u00e9 publique France tire le signal d\u2019alarme sur le front de la lutte contre <a href=\"https:\/\/ma-sante.news\/peut-on-attraper-la-rougeole-en-etant-vaccine\/\" target=\"_blank\" rel=\"noopener\">la rougeole<\/a>. \u00ab\u00a0Dans le contexte actuel d\u2019augmentation du nombre de cas de rougeole en France ainsi qu\u2019\u00e0 l\u2019international, il convient de rappeler que, si 94,6% des nourrissons n\u00e9s en 2023 ont re\u00e7u au moins une dose de vaccin contre la rougeole, la couverture vaccinale n\u00e9cessaire pour permettre l\u2019\u00e9limination de cette maladie (95% pour deux doses de vaccins) n\u2019est toujours pas atteinte\u00a0\u00bb, souligne l\u2019agence nationale. <\/p>\n<p>Il est vrai que les derniers chiffres annonc\u00e9s aujourd\u2019hui sont pr\u00e9occupants avec pr\u00e8s de 500 cas de rougeole recens\u00e9s en France en 2024. Soit quatre fois plus qu\u2019en 2023 ! Une recrudescence qui a entra\u00een\u00e9 des hospitalisations dans pr\u00e8s d\u2019un tiers des cas, m\u00eame si aucun d\u00e9c\u00e8s n\u2019a \u00e9t\u00e9 constat\u00e9. <\/p>\n<p>    La vaccination contre les papillomavirus en forte hausse        <\/p>\n<p>Du c\u00f4t\u00e9 des adolescents, les campagnes de sensibilisation contre les <a href=\"https:\/\/ma-sante.news\/papillomavirus-tout-savoir-sur-la-transmission-et-les-symptomes\/\" target=\"_blank\" rel=\"noopener\">papillomavirus<\/a> commencent \u00e0 porter leurs fruits avec une augmentation constat\u00e9e dans les rangs des deux sexes. Une hausse toutefois nettement plus marqu\u00e9e chez les gar\u00e7ons (36,9% en 2024 contre 25,9% en 2023), m\u00eame si la couverture vaccinale contre le HPV demeure bien sup\u00e9rieure chez les filles (58,4%).\u00a0\u00ab Les couvertures vaccinales restent cependant inf\u00e9rieures \u00e0 l\u2019objectif de couverture vaccinale de 60 % \u00e0 l\u2019horizon de 2023 et de 80 % \u00e0 l\u2019horizon 2030 (Strat\u00e9gie d\u00e9cennale de lutte contre les cancers 2021-2030). Les campagnes de vaccination au coll\u00e8ge pourraient permettre d\u2019am\u00e9liorer ces couvertures\u00a0\u00bb, note Sant\u00e9 Publique France.<\/p>\n<p>Enfin, autre bonne nouvelle, la couverture vaccinale contre la coqueluche est en hausse chez les femmes enceintes. L\u2019an dernier, plus de 62% des femmes ayant accouch\u00e9 ont \u00e9t\u00e9 vaccin\u00e9es pendant leur grossesse. Un chiffre bien sup\u00e9rieur aux 43,4% enregistr\u00e9s en 2023. Sans doute un effet salvateur de l\u2019\u00e9cho m\u00e9diatique cons\u00e9cutif \u00e0 l\u2019\u00e9pid\u00e9mie de coqueluche constat\u00e9e en France en 2024.\u00a0<\/p>\n<blockquote class=\"wp-block-quote is-layout-flow wp-block-quote-is-layout-flow\">\n<p>A SAVOIR<\/p>\n<p>Lanc\u00e9e en 2005 par l\u2019OMS (Organisation Mondiale de la Sant\u00e9), la Semaine europ\u00e9enne de la vaccination (SEV) vise \u00e0 sensibiliser la population \u00e0 l\u2019importance de la vaccination. En France, la SEV est relay\u00e9e par de nombreuses structures (centres de vaccination, \u00e9tablissements de sant\u00e9, Assurance maladie, mutuelles, collectivit\u00e9s territoriales et locales\u2026). Cette ann\u00e9e,\u00a0la campagne est plac\u00e9e sous le th\u00e8me \u00ab La vaccination pour tous est humainement possible \u00bb.\u00a0<\/p>\n<\/blockquote>\n<p>  <a class=\"gofollow\" data-track=\"MTIsMCwxLDYw\" href=\"https:\/\/ma-sante.news\/annonceurs\/\" target=\"_blank\" rel=\"noopener\"><img loading=\"lazy\" decoding=\"async\" width=\"2560\" height=\"2133\" src=\"data:image\/svg+xml,%3Csvg%20xmlns=\" http:=\"\" data-lazy-src=\"https:\/\/www.europesays.com\/fr\/wp-content\/uploads\/2025\/03\/pub-annonceurs-4-scaled.jpg\"\/><\/a>    <img loading=\"lazy\" decoding=\"async\" width=\"755\" height=\"495\" src=\"data:image\/svg+xml,%3Csvg%20xmlns=\" http:=\"\" data-lazy-src=\"https:\/\/www.europesays.com\/fr\/wp-content\/uploads\/2025\/03\/Image1.jpg\"\/>Inscrivez-vous \u00e0 notre newsletter <br \/>Ma Sant\u00e9                      <\/p>\n","protected":false},"excerpt":{"rendered":"Le Bus Pr\u00e9vention Sant\u00e9 lanc\u00e9 par la R\u00e9gion Auvergne-Rh\u00f4ne-Alpes explique, en partie l&rsquo;augmentation de la vaccination chez les&hellip;\n","protected":false},"author":2,"featured_media":59748,"comment_status":"","ping_status":"","sticky":false,"template":"","format":"standard","meta":{"footnotes":""},"categories":[10],"tags":[1011,27,72,71,148,5336],"class_list":{"0":"post-59747","1":"post","2":"type-post","3":"status-publish","4":"format-standard","5":"has-post-thumbnail","7":"category-sante","8":"tag-fr","9":"tag-france","10":"tag-health","11":"tag-sante","12":"tag-vaccination","13":"tag-virus"},"share_on_mastodon":{"url":"https:\/\/pubeurope.com\/@fr\/114416694389675389","error":""},"_links":{"self":[{"href":"https:\/\/www.europesays.com\/fr\/wp-json\/wp\/v2\/posts\/59747","targetHints":{"allow":["GET"]}}],"collection":[{"href":"https:\/\/www.europesays.com\/fr\/wp-json\/wp\/v2\/posts"}],"about":[{"href":"https:\/\/www.europesays.com\/fr\/wp-json\/wp\/v2\/types\/post"}],"author":[{"embeddable":true,"href":"https:\/\/www.europesays.com\/fr\/wp-json\/wp\/v2\/users\/2"}],"replies":[{"embeddable":true,"href":"https:\/\/www.europesays.com\/fr\/wp-json\/wp\/v2\/comments?post=59747"}],"version-history":[{"count":0,"href":"https:\/\/www.europesays.com\/fr\/wp-json\/wp\/v2\/posts\/59747\/revisions"}],"wp:featuredmedia":[{"embeddable":true,"href":"https:\/\/www.europesays.com\/fr\/wp-json\/wp\/v2\/media\/59748"}],"wp:attachment":[{"href":"https:\/\/www.europesays.com\/fr\/wp-json\/wp\/v2\/media?parent=59747"}],"wp:term":[{"taxonomy":"category","embeddable":true,"href":"https:\/\/www.europesays.com\/fr\/wp-json\/wp\/v2\/categories?post=59747"},{"taxonomy":"post_tag","embeddable":true,"href":"https:\/\/www.europesays.com\/fr\/wp-json\/wp\/v2\/tags?post=59747"}],"curies":[{"name":"wp","href":"https:\/\/api.w.org\/{rel}","templated":true}]}}