{"id":597473,"date":"2025-12-13T21:52:14","date_gmt":"2025-12-13T21:52:14","guid":{"rendered":"https:\/\/www.europesays.com\/fr\/597473\/"},"modified":"2025-12-13T21:52:14","modified_gmt":"2025-12-13T21:52:14","slug":"lorraine-premiere-francaise-au-chru-de-nancy-une-patiente-de-93-ans-sauvee-grace-a-un-jumeau-numerique-lest-republicain","status":"publish","type":"post","link":"https:\/\/www.europesays.com\/fr\/597473\/","title":{"rendered":"Lorraine. Premi\u00e8re fran\u00e7aise au CHRU de Nancy : une patiente de 93 ans sauv\u00e9e gr\u00e2ce \u00e0 un jumeau num\u00e9rique &#8211; L&#039;Est R\u00e9publicain"},"content":{"rendered":"<ol>\n<li><a href=\"https:\/\/news.google.com\/rss\/articles\/CBMi4wFBVV95cUxPaG5FWExVYXlfa3NGTXc5RGJVaXVJS3NqczBkZU5zZ0tiVmNMYldNYl80TW5CZFBWb25NdnF0dmJ1SlM3S1dnQTJUeHQzV1IzQ1hhaUdPUkxnYTdMRERMNWZNc0JOMnlZWVpkMjZkeWhpYmc4TG1feXJYR1FENHRzcmhjeUVMVG9IQnV0SjEtVkNBdUIwTzA3WUI1Y1FvaUJwMUJSUDFNOG1yc2tMbWRvUEF1ZzB4Rlg1Vy1nRkVDLUJsTEVwOTI4X1ltQWRKVUpUay1YTTBoNHVDZEdrcFFwUTk2cw?oc=5\" target=\"_blank\" rel=\"nofollow noopener\">Lorraine. Premi\u00e8re fran\u00e7aise au CHRU de Nancy : une patiente de 93 ans sauv\u00e9e gr\u00e2ce \u00e0 un jumeau num\u00e9rique<\/a>&nbsp;&nbsp;L&rsquo;Est R\u00e9publicain<\/li>\n<li><a href=\"https:\/\/news.google.com\/rss\/articles\/CBMi6gFBVV95cUxNR1VaZ0pYN0FEMTdOcmV5bk5SZEREY1ctRVRxTmw2VlA4c2h5YTJvVW9jTC05MHZLYVEtN19mSjdhQjNRU2xrMWNmOEMxMUhuNkk4R196VDkzOWJzM2JoVFBYMHM5YXRMVTN3RVh4anVNeEtXdncxZ3pCMlFYT0NjcXdDN05JalJ1OGZ0bkpHaEpnY2pXbDIzWmZybGZ5VGRoWDUwVW1VREc1LWV2bVdmR1A0WWFKbGl6TnNBMjZ5WThiM3BiM3BhbGZnbE9LWkgtVnl6Z3RubUN6d29TWWdUTllUZ3pRQVVST2c?oc=5\" target=\"_blank\" rel=\"nofollow noopener\">Gr\u00e2ce \u00e0 l&rsquo;IA, le CHU de Toulouse utilise des \u00ab\u00a0jumeaux num\u00e9riques\u00a0\u00bb pour certaines op\u00e9rations cardiaques<\/a>&nbsp;&nbsp;Actu.fr<\/li>\n<li><a href=\"https:\/\/news.google.com\/rss\/articles\/CBMiqgFBVV95cUxPMzl2VXJGTTRCdlVQRWV4UF9vOTJnaHVMVWIycjdLTTlJR2lYeGg5cjgyVjVEMG1Ld1k0Mm8yemctNTU1Zlk4M2FaX0hMVWVjVHRkTzBnTDhMb0x4eGFfNzdIWnhaX1R1emhac19xWE5DVzF5N19CS25YSGtwMWIzcGtSMlJZNDNWdUYyVmJzY1BpWUxpcHBFR1NOSzVDb2JaN1VCaDJQUHljZw?oc=5\" target=\"_blank\" rel=\"nofollow noopener\">Le CHU de Toulouse d\u00e9ploie la technologie inHEART au service des interventions de rythmologie interventionnelle<\/a>&nbsp;&nbsp;chu-toulouse.fr<\/li>\n<li><a href=\"https:\/\/news.google.com\/rss\/articles\/CBMiwwFBVV95cUxNekc3WE1ITmJlMW1fbTcyT0FXbllnTGl1QWRNSHZsd0pnMVhiTVRKT2loNWZadHR1eUFKemJiaURMU24yZUJWOXRCTVRabUZiRzA0RDF6VmhBTVpTbkxRczZ0WnB2YXN6LTZ6dnlIUXZzSGJtQ3V6R29lN3gzWTNmcEtLYkgtdUxJRUtZeXVNd2pVSnRLaGEyY3FMLXNHd1daVTB6aVFmNk1xTkQ0blQ2MGl0WWtnZFcwX01IQ1laNFFJaVU?oc=5\" target=\"_blank\" rel=\"nofollow noopener\">Un \u00ab\u00a0Google Maps du c\u0153ur\u00a0\u00bb : le CHU de Toulouse est le premier h\u00f4pital fran\u00e7ais \u00e0 adopter la technologie inHEART<\/a>&nbsp;&nbsp;L&rsquo;Opinion Ind\u00e9pendante<\/li>\n<\/ol>\n","protected":false},"excerpt":{"rendered":"Lorraine. Premi\u00e8re fran\u00e7aise au CHRU de Nancy : une patiente de 93 ans sauv\u00e9e gr\u00e2ce \u00e0 un jumeau&hellip;\n","protected":false},"author":2,"featured_media":597474,"comment_status":"","ping_status":"","sticky":false,"template":"","format":"standard","meta":{"footnotes":""},"categories":[10],"tags":[1704,1011,27,72,5362,224,3457,1702,1703,3456,71,767,4604],"class_list":{"0":"post-597473","1":"post","2":"type-post","3":"status-publish","4":"format-standard","5":"has-post-thumbnail","7":"category-sante","8":"tag-edition-nancy-et-agglomeration","9":"tag-fr","10":"tag-france","11":"tag-health","12":"tag-magazine-sante","13":"tag-medecine","14":"tag-meurthe-et-moselle","15":"tag-nancy","16":"tag-nancy-ville-54b","17":"tag-region-lorraine","18":"tag-sante","19":"tag-science-et-technologie","20":"tag-selection-abonne"},"share_on_mastodon":{"url":"https:\/\/pubeurope.com\/@fr\/115714480055741650","error":""},"_links":{"self":[{"href":"https:\/\/www.europesays.com\/fr\/wp-json\/wp\/v2\/posts\/597473","targetHints":{"allow":["GET"]}}],"collection":[{"href":"https:\/\/www.europesays.com\/fr\/wp-json\/wp\/v2\/posts"}],"about":[{"href":"https:\/\/www.europesays.com\/fr\/wp-json\/wp\/v2\/types\/post"}],"author":[{"embeddable":true,"href":"https:\/\/www.europesays.com\/fr\/wp-json\/wp\/v2\/users\/2"}],"replies":[{"embeddable":true,"href":"https:\/\/www.europesays.com\/fr\/wp-json\/wp\/v2\/comments?post=597473"}],"version-history":[{"count":0,"href":"https:\/\/www.europesays.com\/fr\/wp-json\/wp\/v2\/posts\/597473\/revisions"}],"wp:featuredmedia":[{"embeddable":true,"href":"https:\/\/www.europesays.com\/fr\/wp-json\/wp\/v2\/media\/597474"}],"wp:attachment":[{"href":"https:\/\/www.europesays.com\/fr\/wp-json\/wp\/v2\/media?parent=597473"}],"wp:term":[{"taxonomy":"category","embeddable":true,"href":"https:\/\/www.europesays.com\/fr\/wp-json\/wp\/v2\/categories?post=597473"},{"taxonomy":"post_tag","embeddable":true,"href":"https:\/\/www.europesays.com\/fr\/wp-json\/wp\/v2\/tags?post=597473"}],"curies":[{"name":"wp","href":"https:\/\/api.w.org\/{rel}","templated":true}]}}