{"id":597483,"date":"2025-12-13T22:00:20","date_gmt":"2025-12-13T22:00:20","guid":{"rendered":"https:\/\/www.europesays.com\/fr\/597483\/"},"modified":"2025-12-13T22:00:20","modified_gmt":"2025-12-13T22:00:20","slug":"des-milliers-de-manifestants-pour-demander-la-demission-de-viktor-orban-apres-la-revelation-de-maltraitances-dans-laide-sociale-a-lenfance","status":"publish","type":"post","link":"https:\/\/www.europesays.com\/fr\/597483\/","title":{"rendered":"des milliers de manifestants pour demander la d\u00e9mission de Viktor Orban, apr\u00e8s la r\u00e9v\u00e9lation de maltraitances dans l\u2019aide sociale \u00e0 l\u2019enfance"},"content":{"rendered":"<p>                      <img loading=\"lazy\" decoding=\"async\" src=\"https:\/\/www.europesays.com\/fr\/wp-content\/uploads\/2025\/12\/bb39f02_ftp-1-xxw4xwno1hii-5671965-01-06.jpg\" alt=\"P\u00e9ter Magyar, le leader de l\u2019opposition hongroise, s\u2019adresse aux personnes venues manifester pour demander la d\u00e9mission du premier ministre, Viktor Orban, accus\u00e9 d\u2019inaction dans le scandale des violences dans l\u2019aide sociale \u00e0 l\u2019enfance. A Budapest, le 13\u00a0d\u00e9cembre 2025.\"   width=\"664\" height=\"443\"\/>    P\u00e9ter Magyar, le leader de l\u2019opposition hongroise, s\u2019adresse aux personnes venues manifester pour demander la d\u00e9mission du premier ministre, Viktor Orban, accus\u00e9 d\u2019inaction dans le scandale des violences dans l\u2019aide sociale \u00e0 l\u2019enfance. A Budapest, le 13\u00a0d\u00e9cembre 2025.  FERENC ISZA \/ AFP                          <\/p>\n<p class=\"article__paragraph  \">Des milliers de personnes \u2013 plus de 50\u00a0000, selon l\u2019Agence France-Presse \u2013 ont manifest\u00e9 samedi 13\u00a0d\u00e9cembre \u00e0 Budapest \u00e0 l\u2019appel de l\u2019opposition pour exiger la d\u00e9mission du gouvernement du premier ministre, Viktor Orban, accus\u00e9 d\u2019inaction \u00e0 la suite de la r\u00e9v\u00e9lation de maltraitances dans l\u2019aide sociale \u00e0 l\u2019enfance.<\/p>\n<p class=\"article__paragraph  \">Depuis deux ans, plusieurs scandales retentissants viennent d\u00e9montrer, selon le principal opposant, P\u00e9ter Magyar, un manque de ma\u00eetrise des structures publiques destin\u00e9es \u00e0 venir en aide aux mineurs en difficult\u00e9.<\/p>\n<p class=\"article__paragraph  \">A l\u2019approche des \u00e9lections l\u00e9gislatives du printemps prochain, M.\u00a0Magyar est donn\u00e9 en t\u00eate des sondages. Il avait appel\u00e9 \u00e0 la manifestation de samedi \u00e0 la suite de nouvelles accusations dans un centre de d\u00e9tention pour mineurs d\u00e9j\u00e0 entach\u00e9 par un scandale.<\/p>\n<p>                                       Lire aussi |  Article r\u00e9serv\u00e9 \u00e0 nos abonn\u00e9s  <a href=\"https:\/\/www.lemonde.fr\/international\/article\/2025\/12\/01\/en-hongrie-peter-magyar-s-entoure-de-candidats-neophytes-dans-l-espoir-de-succeder-a-viktor-orban_6655501_3210.html\" class=\"js-article-read-also catcher--favoris__link\" data-premium=\"1\" id=\"article-title-3448856\" target=\"_blank\" rel=\"noopener\">En Hongrie, P\u00e9ter Magyar s\u2019entoure de candidats n\u00e9ophytes dans l\u2019espoir de succ\u00e9der \u00e0 Viktor Orban<\/a>    <\/p>\n<p>   Lire plus tard  <\/p>\n<p class=\"article__paragraph  \">Et vendredi, il a rendu public un rapport officiel de 2021, qui a conclu que plus d\u2019un cinqui\u00e8me des enfants dans des institutions publiques avaient \u00e9t\u00e9 victimes de maltraitance.<\/p>\n<p>                    Violences \u00ab\u00a0inadmissibles\u00a0\u00bb pour le premier ministre                    <\/p>\n<p class=\"article__paragraph  \">Plus t\u00f4t cette semaine, quatre membres du personnel du centre de d\u00e9tention pour mineurs de la rue Szolo \u00e0 Budapest ont \u00e9t\u00e9 plac\u00e9s en garde \u00e0 vue. Parmi eux figurait le directeur r\u00e9cemment d\u00e9missionnaire, apr\u00e8s que des images de vid\u00e9osurveillance le montrant en train de donner un coup de pied dans la t\u00eate d\u2019un gar\u00e7on avaient \u00e9t\u00e9 diffus\u00e9es.<\/p>\n<p class=\"article__paragraph  \">Trois autres employ\u00e9s avaient \u00e9t\u00e9 arr\u00eat\u00e9s auparavant, dont un autre ancien directeur, accus\u00e9 d\u2019avoir dirig\u00e9 un r\u00e9seau de prostitution.<\/p>\n<p class=\"article__paragraph  \">Le gouvernement a depuis lors plac\u00e9 tous les centres de d\u00e9tention pour mineurs sous supervision polici\u00e8re.<\/p>\n<p class=\"article__paragraph  \">Dans la presse hongroise, Viktor Orban a d\u00e9clar\u00e9 vendredi que le centre de d\u00e9tention de \u00ab\u00a0la rue Szolo est une institution particuli\u00e8re. Il accueille des mineurs d\u00e9linquants, tous ayant commis des crimes. La plupart sont des crimes graves, y compris des meurtres. C\u2019est, \u00e0 proprement parler, une forme de prison\u00a0\u00bb.<\/p>\n<p> Le Monde M\u00e9morable  <\/p>\n<p> <a href=\"https:\/\/www.lemonde.fr\/memorable\/?rfextension=inread\" class=\"inread__link js-services-inread-link\" target=\"_blank\" rel=\"noopener\">  <\/p>\n<p>Testez votre culture g\u00e9n\u00e9rale avec la r\u00e9daction du \u00ab Monde \u00bb<\/p>\n<p>Testez votre culture g\u00e9n\u00e9rale avec la r\u00e9daction du \u00ab Monde \u00bb<\/p>\n<p>D\u00e9couvrir<\/p>\n<p> <\/a>      <\/p>\n<p> Newsletter  <\/p>\n<p> <a href=\"https:\/\/www.lemonde.fr\/newsletters\/a-la-une\/\" class=\"inread__link js-services-inread-link\" target=\"_blank\" rel=\"noopener\">  <\/p>\n<p>\u00ab A la une \u00bb<\/p>\n<p>Chaque matin, parcourez l&rsquo;essentiel de l&rsquo;actualit\u00e9 du jour avec les derniers titres du \u00ab Monde \u00bb<\/p>\n<p>S&rsquo;inscrire<\/p>\n<p> <\/a>          <\/p>\n<p> Le Monde Application  <\/p>\n<p> <a href=\"https:\/\/lamatinale.onelink.me\/gKMy\/ahw2ubr3\" class=\"inread__link js-services-inread-link\" target=\"_blank\" rel=\"noopener\">  <\/p>\n<p>La Matinale du Monde<\/p>\n<p>Chaque matin, retrouvez notre s\u00e9lection de 20 articles \u00e0 ne pas manquer <\/p>\n<p>T\u00e9l\u00e9charger l&rsquo;application<\/p>\n<p> <\/a>      <\/p>\n<p> Newsletter abonn\u00e9s  <\/p>\n<p> <a href=\"https:\/\/www.lemonde.fr\/newsletters\/international\/\" class=\"inread__link js-services-inread-link\" target=\"_blank\" rel=\"noopener\">  <\/p>\n<p>\u00ab International \u00bb<\/p>\n<p>L\u2019essentiel de l\u2019actualit\u00e9 internationale de la semaine<\/p>\n<p>S&rsquo;inscrire<\/p>\n<p> <\/a>             <\/p>\n<p class=\"article__paragraph  \">\u00ab\u00a0Ce qui nous a tous boulevers\u00e9s, c\u2019est que, dans un contexte tr\u00e8s difficile, un gardien a r\u00e9solu une situation d\u00e9licate d\u2019une mani\u00e8re inacceptable. En r\u00e9alit\u00e9, il a commis un crime. Il n\u2019y a pas de place pour les euph\u00e9mismes ici. M\u00eame un jeune d\u00e9linquant ne doit pas \u00eatre trait\u00e9 comme ce surveillant a trait\u00e9 le d\u00e9tenu. C\u2019est inadmissible, sans l\u2019ombre d\u2019un doute\u00a0\u00bb, a-t-il affirm\u00e9.<\/p>\n<p class=\"author__detail\">  Le Monde avec AFP  <\/p>\n<p>                <a href=\"https:\/\/www.lemonde.fr\/syndication\/\" class=\"reuse__content\" title=\"R\u00e9utiliser ce contenu\" target=\"_blank\" rel=\"noopener\">R\u00e9utiliser ce contenu<\/a>      <\/p>\n","protected":false},"excerpt":{"rendered":"P\u00e9ter Magyar, le leader de l\u2019opposition hongroise, s\u2019adresse aux personnes venues manifester pour demander la d\u00e9mission du premier&hellip;\n","protected":false},"author":2,"featured_media":597484,"comment_status":"","ping_status":"","sticky":false,"template":"","format":"standard","meta":{"footnotes":""},"categories":[5],"tags":[11,1011,27,14,12,28],"class_list":{"0":"post-597483","1":"post","2":"type-post","3":"status-publish","4":"format-standard","5":"has-post-thumbnail","7":"category-international","8":"tag-actualites","9":"tag-fr","10":"tag-france","11":"tag-international","12":"tag-news","13":"tag-world"},"share_on_mastodon":{"url":"https:\/\/pubeurope.com\/@fr\/115714511663880239","error":""},"_links":{"self":[{"href":"https:\/\/www.europesays.com\/fr\/wp-json\/wp\/v2\/posts\/597483","targetHints":{"allow":["GET"]}}],"collection":[{"href":"https:\/\/www.europesays.com\/fr\/wp-json\/wp\/v2\/posts"}],"about":[{"href":"https:\/\/www.europesays.com\/fr\/wp-json\/wp\/v2\/types\/post"}],"author":[{"embeddable":true,"href":"https:\/\/www.europesays.com\/fr\/wp-json\/wp\/v2\/users\/2"}],"replies":[{"embeddable":true,"href":"https:\/\/www.europesays.com\/fr\/wp-json\/wp\/v2\/comments?post=597483"}],"version-history":[{"count":0,"href":"https:\/\/www.europesays.com\/fr\/wp-json\/wp\/v2\/posts\/597483\/revisions"}],"wp:featuredmedia":[{"embeddable":true,"href":"https:\/\/www.europesays.com\/fr\/wp-json\/wp\/v2\/media\/597484"}],"wp:attachment":[{"href":"https:\/\/www.europesays.com\/fr\/wp-json\/wp\/v2\/media?parent=597483"}],"wp:term":[{"taxonomy":"category","embeddable":true,"href":"https:\/\/www.europesays.com\/fr\/wp-json\/wp\/v2\/categories?post=597483"},{"taxonomy":"post_tag","embeddable":true,"href":"https:\/\/www.europesays.com\/fr\/wp-json\/wp\/v2\/tags?post=597483"}],"curies":[{"name":"wp","href":"https:\/\/api.w.org\/{rel}","templated":true}]}}