{"id":597489,"date":"2025-12-13T22:04:37","date_gmt":"2025-12-13T22:04:37","guid":{"rendered":"https:\/\/www.europesays.com\/fr\/597489\/"},"modified":"2025-12-13T22:04:37","modified_gmt":"2025-12-13T22:04:37","slug":"la-fete-de-rue-a-ravi-petits-et-grands-a-la-talaudiere","status":"publish","type":"post","link":"https:\/\/www.europesays.com\/fr\/597489\/","title":{"rendered":"la F\u00eate de rue a ravi petits et grands \u00e0 La Talaudi\u00e8re"},"content":{"rendered":"<p>Ce samedi, le comit\u00e9 des f\u00eates a propos\u00e9 aux Talaudi\u00e9roises et Talaudi\u00e9rois des animations qui ont \u00e9t\u00e9 pl\u00e9biscit\u00e9es par les visiteurs. Petits et grands se sont retrouv\u00e9s tout l\u2019apr\u00e8s-midi autour des man\u00e8ges \u00e9cologiques, des stands de d\u00e9gustation ainsi que du spectacle d\u2019EliXir. Cette ann\u00e9e, le P\u00f4le jeunesse \u00e9tait aussi de la partie en aidant le comit\u00e9 des f\u00eates.<\/p>\n","protected":false},"excerpt":{"rendered":"Ce samedi, le comit\u00e9 des f\u00eates a propos\u00e9 aux Talaudi\u00e9roises et Talaudi\u00e9rois des animations qui ont \u00e9t\u00e9 pl\u00e9biscit\u00e9es&hellip;\n","protected":false},"author":2,"featured_media":597490,"comment_status":"","ping_status":"","sticky":false,"template":"","format":"standard","meta":{"footnotes":""},"categories":[9653],"tags":[1111,11,2430,1687,7539,1777,674,3326,1011,27,12053,12,25,4001,9664],"class_list":{"0":"post-597489","1":"post","2":"type-post","3":"status-publish","4":"format-standard","5":"has-post-thumbnail","7":"category-saint-etienne","8":"tag-actu","9":"tag-actualites","10":"tag-auvergne-rhone-alpes","11":"tag-culture-loisirs","12":"tag-edition-loire-sud","13":"tag-eu","14":"tag-europe","15":"tag-fete-locale","16":"tag-fr","17":"tag-france","18":"tag-la-talaudiere","19":"tag-news","20":"tag-republique-francaise","21":"tag-saint-etienne","22":"tag-saint-etienne-bassin"},"share_on_mastodon":{"url":"https:\/\/pubeurope.com\/@fr\/115714527355756504","error":""},"_links":{"self":[{"href":"https:\/\/www.europesays.com\/fr\/wp-json\/wp\/v2\/posts\/597489","targetHints":{"allow":["GET"]}}],"collection":[{"href":"https:\/\/www.europesays.com\/fr\/wp-json\/wp\/v2\/posts"}],"about":[{"href":"https:\/\/www.europesays.com\/fr\/wp-json\/wp\/v2\/types\/post"}],"author":[{"embeddable":true,"href":"https:\/\/www.europesays.com\/fr\/wp-json\/wp\/v2\/users\/2"}],"replies":[{"embeddable":true,"href":"https:\/\/www.europesays.com\/fr\/wp-json\/wp\/v2\/comments?post=597489"}],"version-history":[{"count":0,"href":"https:\/\/www.europesays.com\/fr\/wp-json\/wp\/v2\/posts\/597489\/revisions"}],"wp:featuredmedia":[{"embeddable":true,"href":"https:\/\/www.europesays.com\/fr\/wp-json\/wp\/v2\/media\/597490"}],"wp:attachment":[{"href":"https:\/\/www.europesays.com\/fr\/wp-json\/wp\/v2\/media?parent=597489"}],"wp:term":[{"taxonomy":"category","embeddable":true,"href":"https:\/\/www.europesays.com\/fr\/wp-json\/wp\/v2\/categories?post=597489"},{"taxonomy":"post_tag","embeddable":true,"href":"https:\/\/www.europesays.com\/fr\/wp-json\/wp\/v2\/tags?post=597489"}],"curies":[{"name":"wp","href":"https:\/\/api.w.org\/{rel}","templated":true}]}}