{"id":597493,"date":"2025-12-13T22:09:39","date_gmt":"2025-12-13T22:09:39","guid":{"rendered":"https:\/\/www.europesays.com\/fr\/597493\/"},"modified":"2025-12-13T22:09:39","modified_gmt":"2025-12-13T22:09:39","slug":"en-perdant-face-a-nancy-paris-met-fin-a-sa-serie-de-7-victoires-en-elite","status":"publish","type":"post","link":"https:\/\/www.europesays.com\/fr\/597493\/","title":{"rendered":"en perdant face \u00e0 Nancy, Paris met fin \u00e0 sa s\u00e9rie de 7 victoires en Elite"},"content":{"rendered":"<p>\n    Les Parisiens ont mis fin \u00e0 une s\u00e9rie de 7 victoires cons\u00e9cutives en Elite. Ils se sont inclin\u00e9s face \u00e0 Nancy ce samedi (97-90).<\/p>\n<p class=\"fig-paragraph\">Le Paris basketball a encaiss\u00e9 \u00e0 Nancy sa troisi\u00e8me d\u00e9faite de la saison dans le\u00a0<a href=\"http:\/\/www.lefigaro.fr\/sports\/basket\/basket-l-as-monaco-fait-appel-contre-la-decision-de-la-lnb-de-refuser-la-qualification-de-cory-joseph-en-championnat-20251213\" target=\"_blank\" data-fig-type=\"NewsFlash\" rel=\"noopener\" data-gtm-custom-categorie=\"navigation\" data-gtm-custom-action=\"crossclick\" data-gtm-custom-label=\"Contextuel\" data-gtm-event=\"customEventSPE\" data-fig-domain=\"LEFIGARO\">championnat de France\u00a0<\/a>samedi (97-90), et laisse la possibilit\u00e9 \u00e0 l&rsquo;Asvel de prendre ses aises en t\u00eate du classement.<\/p>\n<p class=\"fig-paragraph\">Les Parisiens, d\u00e9j\u00e0 tomb\u00e9s en Euroligue cette semaine \u00e0 l&rsquo;issue d&rsquo;un final frustrant contre le Zalgiris Kaunas, terminent le week-end sur une autre note am\u00e8re et une s\u00e9rie de sept victoires stopp\u00e9e \u00e0 l&rsquo;issue de cette 11e journ\u00e9e.<\/p>\n<p>                                            <a class=\"fig-a11y-skip\" href=\"#fig-a11y-skip-main-inarticle\" data-module=\"a11y-skip\" data-context=\"was @visible\"><br \/>\n    Passer la publicit\u00e9<br \/>\n<\/a>            <\/p>\n<p class=\"fig-paragraph\">Ils retombent ainsi \u00e0 la seconde place, derri\u00e8re l&rsquo;Asvel qui accueillera Cholet dimanche (19h00). Toujours en haut de tableau, Monaco d\u00e9fiera Strasbourg (16h30).<\/p>\n<p class=\"fig-paragraph\">D\u00e9j\u00e0, en premi\u00e8re p\u00e9riode, les hommes de Francesco Tabellini ont souffert en Lorraine. Mais \u00e0 l&rsquo;instar de jeudi contre le Kaunas, ils ont subi un troisi\u00e8me quart-temps sans doute fatidique.<\/p>\n<p class=\"fig-paragraph\">\u00c0 l&rsquo;image de Landers Nolley II, en pleine forme (20 pts, 12 rebonds, 7 passes, 3 interceptions), les Nanc\u00e9iens ont sembl\u00e9 sur un nuage au retour des vestiaires, au point de creuser un \u00e9cart de 15 points en cours de quart-temps.<\/p>\n<p class=\"fig-paragraph\">Men\u00e9 78-65 apr\u00e8s un dernier shoot \u00e0 trois points d&rsquo;Enzo Goudou-Sinha, les co\u00e9quipiers de Nadir Hifi (25 points, 9 rebonds, 5 passes) n&rsquo;ont r\u00e9ussi \u00e0 emballer la rencontre que dans la derni\u00e8re minute, victimes de leur manque d&rsquo;adresse.<\/p>\n<p class=\"fig-paragraph\">Avec cette belle op\u00e9ration, Nancy bascule dans le positif avec six succ\u00e8s pour cinq d\u00e9faites. Un peu plus haut dans le tableau, Chalon-sur-Sa\u00f4ne (6e) compte un succ\u00e8s de plus avec sa victoire contre Boulazac (90-74), quand Dijon l&rsquo;a emport\u00e9 sur le parquet de Saint-Quentin (83-77).<\/p>\n","protected":false},"excerpt":{"rendered":"Les Parisiens ont mis fin \u00e0 une s\u00e9rie de 7 victoires cons\u00e9cutives en Elite. Ils se sont inclin\u00e9s&hellip;\n","protected":false},"author":2,"featured_media":597494,"comment_status":"","ping_status":"","sticky":false,"template":"","format":"standard","meta":{"footnotes":""},"categories":[9635],"tags":[1111,11,1777,674,1011,27,775,1702,12,2179,25],"class_list":{"0":"post-597493","1":"post","2":"type-post","3":"status-publish","4":"format-standard","5":"has-post-thumbnail","7":"category-nancy","8":"tag-actu","9":"tag-actualites","10":"tag-eu","11":"tag-europe","12":"tag-fr","13":"tag-france","14":"tag-grand-est","15":"tag-nancy","16":"tag-news","17":"tag-paris-basketball","18":"tag-republique-francaise"},"share_on_mastodon":{"url":"https:\/\/pubeurope.com\/@fr\/115714547003534397","error":""},"_links":{"self":[{"href":"https:\/\/www.europesays.com\/fr\/wp-json\/wp\/v2\/posts\/597493","targetHints":{"allow":["GET"]}}],"collection":[{"href":"https:\/\/www.europesays.com\/fr\/wp-json\/wp\/v2\/posts"}],"about":[{"href":"https:\/\/www.europesays.com\/fr\/wp-json\/wp\/v2\/types\/post"}],"author":[{"embeddable":true,"href":"https:\/\/www.europesays.com\/fr\/wp-json\/wp\/v2\/users\/2"}],"replies":[{"embeddable":true,"href":"https:\/\/www.europesays.com\/fr\/wp-json\/wp\/v2\/comments?post=597493"}],"version-history":[{"count":0,"href":"https:\/\/www.europesays.com\/fr\/wp-json\/wp\/v2\/posts\/597493\/revisions"}],"wp:featuredmedia":[{"embeddable":true,"href":"https:\/\/www.europesays.com\/fr\/wp-json\/wp\/v2\/media\/597494"}],"wp:attachment":[{"href":"https:\/\/www.europesays.com\/fr\/wp-json\/wp\/v2\/media?parent=597493"}],"wp:term":[{"taxonomy":"category","embeddable":true,"href":"https:\/\/www.europesays.com\/fr\/wp-json\/wp\/v2\/categories?post=597493"},{"taxonomy":"post_tag","embeddable":true,"href":"https:\/\/www.europesays.com\/fr\/wp-json\/wp\/v2\/tags?post=597493"}],"curies":[{"name":"wp","href":"https:\/\/api.w.org\/{rel}","templated":true}]}}