{"id":597499,"date":"2025-12-13T22:13:13","date_gmt":"2025-12-13T22:13:13","guid":{"rendered":"https:\/\/www.europesays.com\/fr\/597499\/"},"modified":"2025-12-13T22:13:13","modified_gmt":"2025-12-13T22:13:13","slug":"municipales-2026-a-castelnau-le-lez-le-maire-sortant-frederic-lafforgue-en-retard-selon-un-premier-sondage","status":"publish","type":"post","link":"https:\/\/www.europesays.com\/fr\/597499\/","title":{"rendered":"Municipales 2026 \u00e0 Castelnau-le-Lez\u00a0: le maire sortant Fr\u00e9d\u00e9ric Lafforgue en retard, selon un premier sondage"},"content":{"rendered":"<p>\n                                                                Les r\u00e9sultats d\u2019un sondage Ifop command\u00e9 par l\u2019UDI et r\u00e9alis\u00e9 d\u00e9but d\u00e9cembre placent le candidat divers droite Julien Miro en t\u00eate au premier tour, devant le maire sortant Fr\u00e9d\u00e9ric Lafforgue.\n                            <\/p>\n<p>\u00ab\u00a0Si dimanche prochain devait se d\u00e9rouler le premier tour des \u00e9lections municipales, pour laquelle des listes suivantes y aurait-il le plus de chance que vous votiez\u00a0?\u00a0\u00bb A cette question, les habitants de Castelnau-le-Lez interrog\u00e9s entre le 3 et le 10\u00a0d\u00e9cembre par l\u2019institut Ifop <a href=\"https:\/\/www.midilibre.fr\/2025\/11\/28\/municipales-2026-a-castelnau-le-lez-pour-julien-miro-le-paradis-des-promoteurs-cest-termine-la-qualite-de-vie-dabord-13073855.php\" target=\"_blank\" rel=\"noopener\">ont majoritairement r\u00e9pondu Julien Miro<\/a>.<\/p>\n<p>Julien Miro devant Fr\u00e9d\u00e9ric Lafforgue<\/p>\n<p>Le candidat divers droite, ancien adjoint de Fr\u00e9d\u00e9ric Lafforgue devenu au fil du mandat l\u2019un de ses principaux opposants, est cr\u00e9dit\u00e9 de 35\u00a0% des intentions de vote. <a href=\"https:\/\/www.midilibre.fr\/2025\/12\/11\/municipales-2026-lenvie-de-continuer-de-frederic-lafforgue-a-castelnau-le-lez-candidat-avec-toute-son-equipe-13102999.php\" target=\"_blank\" rel=\"noopener\">Une bonne longueur\u00a0devant le maire sortant<\/a>, positionn\u00e9 \u00e0 26\u00a0%. Derri\u00e8re, <a href=\"https:\/\/www.midilibre.fr\/2025\/10\/15\/ceux-qui-pronostiquent-une-victoire-de-la-droite-se-trompent-la-socialiste-najate-haie-lance-sa-campagne-a-castelnau-le-lez-12993948.php\" target=\"_blank\" rel=\"noopener\">Najate Haie, soutenue par le PS et Place Publique<\/a>, se positionne \u00e0 22\u00a0%, contre 17\u00a0% pour <a href=\"https:\/\/www.midilibre.fr\/2025\/10\/09\/on-veut-du-collectif-et-du-participatif-richard-corvaisier-lance-la-liste-ici-et-ensemble-en-vue-des-municipales-a-castelnau-le-lez-12981228.php\" target=\"_blank\" rel=\"noopener\">le candidat soutenu par LFI Richard Corvaisier<\/a>. Attention cependant, puisque la marge d\u2019erreur annonc\u00e9e par l\u2019Ifop est comprise entre 3,6\u00a0% et 4,1\u00a0%.<\/p>\n<p>L\u2019urbanisme, priorit\u00e9 des \u00e9lecteurs<\/p>\n<p>Autre\u00a0enseignement\u00a0de ce sondage, command\u00e9 par l\u2019UDI et portant sur un panel de 504 habitants de la ville inscrits sur les listes \u00e9lectorales, les habitants de Castelnau-le-Lez placent la th\u00e9matique de l\u2019urbanisme en t\u00eate de leurs pr\u00e9occupations (39\u00a0% des sond\u00e9s), devant la s\u00e9curit\u00e9 (38\u00a0%) puis la circulation (30\u00a0%). Un domaine sur lequel Fr\u00e9d\u00e9ric Lafforgue a r\u00e9guli\u00e8rement \u00e9t\u00e9 attaqu\u00e9 au cours\u00a0de son mandat.<\/p>\n<p>\u00ab\u00a0Un moment o\u00f9 je n\u2019\u00e9tais m\u00eame pas d\u00e9clar\u00e9\u00a0\u00bb<\/p>\n<p>\u00ab\u00a0Ce n\u2019est qu\u2019un sondage de premier tour, mais il donne clairement une dynamique. Les r\u00e9sultats prouvent que les Castelnauviens ont envie de changement, r\u00e9agit\u00a0Julien Miro. Nous allons continuer \u00e0 travailler pour obtenir la plus large avance possible d\u00e8s le premier tour.\u00a0\u00bb De son c\u00f4t\u00e9, Fr\u00e9d\u00e9ric Lafforgue s\u2019interroge. \u00ab\u00a0Ce sondage a \u00e9t\u00e9 r\u00e9alis\u00e9 \u00e0 un moment o\u00f9 je n\u2019\u00e9tais m\u00eame pas d\u00e9clar\u00e9 comme candidat. Quelle valeur doit-on lui accorder\u00a0?\u00a0\u00bb<\/p>\n","protected":false},"excerpt":{"rendered":"Les r\u00e9sultats d\u2019un sondage Ifop command\u00e9 par l\u2019UDI et r\u00e9alis\u00e9 d\u00e9but d\u00e9cembre placent le candidat divers droite Julien&hellip;\n","protected":false},"author":2,"featured_media":597500,"comment_status":"","ping_status":"","sticky":false,"template":"","format":"standard","meta":{"footnotes":""},"categories":[9599],"tags":[1111,11,70976,5949,1777,674,1011,27,7089,2208,3434,12,2680,316,25],"class_list":{"0":"post-597499","1":"post","2":"type-post","3":"status-publish","4":"format-standard","5":"has-post-thumbnail","7":"category-montpellier","8":"tag-actu","9":"tag-actualites","10":"tag-castelnaulelez","11":"tag-elections","12":"tag-eu","13":"tag-europe","14":"tag-fr","15":"tag-france","16":"tag-herault","17":"tag-montpellier","18":"tag-municipales-2026","19":"tag-news","20":"tag-occitanie","21":"tag-politique","22":"tag-republique-francaise"},"share_on_mastodon":{"url":"https:\/\/pubeurope.com\/@fr\/115714562764724672","error":""},"_links":{"self":[{"href":"https:\/\/www.europesays.com\/fr\/wp-json\/wp\/v2\/posts\/597499","targetHints":{"allow":["GET"]}}],"collection":[{"href":"https:\/\/www.europesays.com\/fr\/wp-json\/wp\/v2\/posts"}],"about":[{"href":"https:\/\/www.europesays.com\/fr\/wp-json\/wp\/v2\/types\/post"}],"author":[{"embeddable":true,"href":"https:\/\/www.europesays.com\/fr\/wp-json\/wp\/v2\/users\/2"}],"replies":[{"embeddable":true,"href":"https:\/\/www.europesays.com\/fr\/wp-json\/wp\/v2\/comments?post=597499"}],"version-history":[{"count":0,"href":"https:\/\/www.europesays.com\/fr\/wp-json\/wp\/v2\/posts\/597499\/revisions"}],"wp:featuredmedia":[{"embeddable":true,"href":"https:\/\/www.europesays.com\/fr\/wp-json\/wp\/v2\/media\/597500"}],"wp:attachment":[{"href":"https:\/\/www.europesays.com\/fr\/wp-json\/wp\/v2\/media?parent=597499"}],"wp:term":[{"taxonomy":"category","embeddable":true,"href":"https:\/\/www.europesays.com\/fr\/wp-json\/wp\/v2\/categories?post=597499"},{"taxonomy":"post_tag","embeddable":true,"href":"https:\/\/www.europesays.com\/fr\/wp-json\/wp\/v2\/tags?post=597499"}],"curies":[{"name":"wp","href":"https:\/\/api.w.org\/{rel}","templated":true}]}}