{"id":597503,"date":"2025-12-13T22:16:24","date_gmt":"2025-12-13T22:16:24","guid":{"rendered":"https:\/\/www.europesays.com\/fr\/597503\/"},"modified":"2025-12-13T22:16:24","modified_gmt":"2025-12-13T22:16:24","slug":"tous-les-resultats-de-la-14e-journee-et-le-classement","status":"publish","type":"post","link":"https:\/\/www.europesays.com\/fr\/597503\/","title":{"rendered":"tous les r\u00e9sultats de la 14e journ\u00e9e, et le classement"},"content":{"rendered":"<p>                    Par<br \/>\n        <strong><br \/>\n            <a href=\"https:\/\/actu.fr\/auteur\/clement-mazella\" title=\"Consulter tous les articles de Cl\u00e9ment Mazella\" target=\"_blank\" rel=\"noopener\">Cl\u00e9ment Mazella<\/a><br \/>\n                    <\/strong><\/p>\n<p>        Publi\u00e9 le<\/p>\n<p>            13 d\u00e9c. 2025 \u00e0 20h24        <\/p>\n<p>Avant une tr\u00eave bien m\u00e9rit\u00e9e, <a href=\"https:\/\/actu.fr\/rugby\/nationale-rugby\" target=\"_blank\" rel=\"noopener\">la Nationale<\/a> a d\u00e9but\u00e9 la phase retour du championnat ce week-end des 12 et 13 d\u00e9cembre. Narbonne a eu tr\u00e8s chaud, alors que Rouen et P\u00e9rigueux ont sign\u00e9 de bonnes affaires. Voici <strong>tous les r\u00e9sultats<\/strong> de la <strong>14e journ\u00e9e<\/strong>, et <strong>le classement<\/strong>.<\/p>\n<p>Rouen s\u2019exporte, Narbonne sur le fil<\/p>\n<p class=\" wall-content\">En ouverture, de cette 14e journ\u00e9e, <strong>Albi a pris le bonus offensif<\/strong> contre Bourgoin-Jallieu (26-10), et a donc confort\u00e9 sa place de leader du championnat. <strong>Rouen a sign\u00e9 une belle op\u00e9ration<\/strong> en s\u2019imposant \u00e0 Suresnes (9-10).\u00a0<\/p>\n<p class=\" wall-content\">Men\u00e9 de 19 points \u00e0 10 minutes de la fin, <strong>Marcq-en-Bar\u0153ul a r\u00e9alis\u00e9 un sacr\u00e9 comeback<\/strong> pour partager les points contre Niort (29-29). Une p\u00e9nalit\u00e9 en fin de partie de Thibault Santoro a permis \u00e0 Narbonne de s\u2019imposer sur le fil contre Massy (33-32). P\u00e9rigueux est all\u00e9 gagner \u00e0 Rennes (8-9).<\/p>\n<p>Nationale : les r\u00e9sultats de la 14e journ\u00e9e<\/p>\n<ul class=\" wall-content\">\n<li>Albi \u2013 Bourgoin-Jallieu : 26-10<\/li>\n<li>Suresnes \u2013 Rouen : 9-10<\/li>\n<li>Marcq-en-Bar\u0153ul \u2013 Niort : 29-29<\/li>\n<li>Narbonne \u2013 Massy : 33-32<\/li>\n<li>Nissa Rugby \u2013 Tarbes : 50-3<\/li>\n<li>Rennes \u2013 P\u00e9rigueux : 8-9<\/li>\n<li>Bourg-en-Bresse \u2013 Chamb\u00e9ry : 20-17<\/li>\n<\/ul>\n<p>Nationale : Le classement<\/p>\n<p class=\" wall-content\">Voici le classement apr\u00e8s la 14e journ\u00e9e de Nationale : <a href=\"https:\/\/actu.fr\/rugby\/classements-resultats\" target=\"_blank\" rel=\"noopener\">ici<\/a>.<\/p>\n<p>Nationale : le programme de la 15e journ\u00e9e<\/p>\n<ul class=\" wall-content\">\n<li>Tarbes \u2013 Suresnes : vendredi 9 janvier, 19h<\/li>\n<li>Massy \u2013 Albi : vendredi 9 janvier, 19h<\/li>\n<li>Chamb\u00e9ry \u2013 Marcq-en-Baroeul : vendredi 9 janvier, 19h30<\/li>\n<li>Rouen \u2013 Bourg-en-Bresse : vendredi 9 janvier, 20h<\/li>\n<li>Niort \u2013 Narbonne : samedi 10 janvier, 15h<\/li>\n<li>Nissa Rugby \u2013 P\u00e9rigueux : samedi 10 janvier, 18h<\/li>\n<li>Bourgoin-Jallieu \u2013 Rennes : samedi 10 janvier, 19h<\/li>\n<\/ul>\n<p class=\" wall-content\">Personnalisez votre actualit\u00e9 en ajoutant vos villes et m\u00e9dias en favori avec <a href=\"https:\/\/moncompte.actu.fr\" title=\"D\u00e9couvez Mon Actu\" rel=\"nofollow noopener\" data-trk=\"{&quot;cta&quot;:{&quot;action&quot;:&quot;https:\\\/\\\/moncompte.actu.fr&quot;,&quot;category&quot;:&quot;mon compte&quot;,&quot;from&quot;:&quot;article footer&quot;,&quot;name&quot;:&quot;Mon actu&quot;,&quot;type&quot;:&quot;cta&quot;}}\" target=\"_blank\">Mon Actu<\/a>.<\/p>\n","protected":false},"excerpt":{"rendered":"Par Cl\u00e9ment Mazella Publi\u00e9 le 13 d\u00e9c. 2025 \u00e0 20h24 Avant une tr\u00eave bien m\u00e9rit\u00e9e, la Nationale a&hellip;\n","protected":false},"author":2,"featured_media":597504,"comment_status":"","ping_status":"","sticky":false,"template":"","format":"standard","meta":{"footnotes":""},"categories":[9587],"tags":[1111,11,1777,674,1011,27,4361,12,5161,3788,25,9590,479,60],"class_list":{"0":"post-597503","1":"post","2":"type-post","3":"status-publish","4":"format-standard","5":"has-post-thumbnail","7":"category-rouen","8":"tag-actu","9":"tag-actualites","10":"tag-eu","11":"tag-europe","12":"tag-fr","13":"tag-france","14":"tag-nationale","15":"tag-news","16":"tag-normandie","17":"tag-pro","18":"tag-republique-francaise","19":"tag-rouen","20":"tag-rugby","21":"tag-sports"},"share_on_mastodon":{"url":"https:\/\/pubeurope.com\/@fr\/115714574497270854","error":""},"_links":{"self":[{"href":"https:\/\/www.europesays.com\/fr\/wp-json\/wp\/v2\/posts\/597503","targetHints":{"allow":["GET"]}}],"collection":[{"href":"https:\/\/www.europesays.com\/fr\/wp-json\/wp\/v2\/posts"}],"about":[{"href":"https:\/\/www.europesays.com\/fr\/wp-json\/wp\/v2\/types\/post"}],"author":[{"embeddable":true,"href":"https:\/\/www.europesays.com\/fr\/wp-json\/wp\/v2\/users\/2"}],"replies":[{"embeddable":true,"href":"https:\/\/www.europesays.com\/fr\/wp-json\/wp\/v2\/comments?post=597503"}],"version-history":[{"count":0,"href":"https:\/\/www.europesays.com\/fr\/wp-json\/wp\/v2\/posts\/597503\/revisions"}],"wp:featuredmedia":[{"embeddable":true,"href":"https:\/\/www.europesays.com\/fr\/wp-json\/wp\/v2\/media\/597504"}],"wp:attachment":[{"href":"https:\/\/www.europesays.com\/fr\/wp-json\/wp\/v2\/media?parent=597503"}],"wp:term":[{"taxonomy":"category","embeddable":true,"href":"https:\/\/www.europesays.com\/fr\/wp-json\/wp\/v2\/categories?post=597503"},{"taxonomy":"post_tag","embeddable":true,"href":"https:\/\/www.europesays.com\/fr\/wp-json\/wp\/v2\/tags?post=597503"}],"curies":[{"name":"wp","href":"https:\/\/api.w.org\/{rel}","templated":true}]}}