{"id":597505,"date":"2025-12-13T22:18:59","date_gmt":"2025-12-13T22:18:59","guid":{"rendered":"https:\/\/www.europesays.com\/fr\/597505\/"},"modified":"2025-12-13T22:18:59","modified_gmt":"2025-12-13T22:18:59","slug":"municipales-2026-apres-un-tract-polemique-franck-longo-maire-de-fontaine-publie-ses-fiches-de-paie-et-porte-plainte","status":"publish","type":"post","link":"https:\/\/www.europesays.com\/fr\/597505\/","title":{"rendered":"Municipales 2026. Apr\u00e8s un tract pol\u00e9mique, Franck Longo, maire de\u00a0Fontaine, publie ses fiches de paie et porte plainte"},"content":{"rendered":"<p>C\u2019est en relevant le courrier dans sa bo\u00eete aux lettres que l\u2019actuel maire de Fontaine &#8211; et candidat \u00e0 sa succession &#8211; a eu la surprise de d\u00e9couvrir, dans un tract distribu\u00e9 par <a href=\"https:\/\/www.ledauphine.com\/elections\/2025\/11\/30\/isere-fontaine-la-gauche-unie-conseille-a-franck-longo-de-faire-ses-valises-pour-les-municipales-2026\" target=\"_blank\" rel=\"nofollow noopener\">le collectif \u00ab\u00a0Fontaine nous rassemble\u00a0\u00bb<\/a>, men\u00e9 par La France insoumise (LFI), Europe \u00c9cologie-Les Verts (EELV) et le Parti communiste (PC) pour les prochaines \u00e9lections municipales, un encadr\u00e9 consacr\u00e9 \u00e0 ses indemnit\u00e9s de maire. \u00ab\u00a0Des indemnit\u00e9s qui ne correspondent pas \u00e0 la r\u00e9alit\u00e9\u00a0\u00bb, insiste <a href=\"https:\/\/www.ledauphine.com\/p\/franck-longo\" target=\"_blank\" rel=\"nofollow noopener\">Franck Longo<\/a>. \u00ab\u00a0J\u2019ai voulu couper court, car je ne comprends pas que l\u2019on puisse mentir. Alors la meilleure des r\u00e9ponses, c\u2019est bien s\u00fbr la transparence.\u00a0\u00bb<\/p>\n<p>Il a alors entrepris de rendre publiques, sur les r\u00e9seaux sociaux de la Ville &#8211; sous la forme d\u2019un communiqu\u00e9 &#8211; ainsi que sur sa propre page Facebook, ses fiches de paie des trois derniers mois. \u00ab\u00a0Il est dit sur le tract que je gagne 4\u00a0125\u00a0euros bruts. Or, preuve \u00e0 l\u2019appui, je touche 3\u00a0356\u00a0euros bruts, soit 2\u00a0389\u00a0euros nets avant imp\u00f4t et un peu moins de 2\u00a0000\u00a0euros apr\u00e8s imp\u00f4t\u00a0\u00bb, poursuit Franck Longo qui affirme \u00e9galement avoir \u00e9t\u00e9 \u00ab\u00a0attaqu\u00e9 sur les investissements en mati\u00e8re d\u2019\u00e9ducation\u00a0\u00bb.<\/p>\n<p>\u00ab\u00a0On me reproche de ne pas avoir assez investi, mais c\u2019est faux\u00a0: j\u2019ai plus investi dans l\u2019\u00e9ducation ces six derni\u00e8res ann\u00e9es, \u00e0 hauteur de 800\u00a0000\u00a0euros par an en moyenne, contre 250\u00a0000\u00a0euros par an auparavant, durant vingt ans\u00a0\u00bb, pr\u00e9cise-t-il, avant d\u2019\u00e9voquer une possible \u00ab\u00a0confusion\u00a0\u00bb. \u00ab\u00a0Peut-\u00eatre se sont-ils tromp\u00e9s de mandat, ont-ils confondu avec l\u2019ancienne municipalit\u00e9\u00a0?\u00a0\u00bb, ironise-t-il.<\/p>\n<p>  La t\u00eate de liste conteste les chiffres et la m\u00e9thode<\/p>\n<p>Quoi qu\u2019il en soit, Claudine Didier, communiste et t\u00eate de liste \u00ab\u00a0Fontaine nous rassemble\u00a0\u00bb, se d\u00e9fend. \u00ab\u00a0Il n\u2019a jamais publi\u00e9 ses revenus aupr\u00e8s de l\u2019autorit\u00e9 ad\u00e9quate, comme il est de son devoir de le faire, explique-t-elle. De surcro\u00eet, nous l\u2019avons souvent entendu dire qu\u2019il gagnait peu, mais il est pourtant conseiller m\u00e9tropolitain et conseiller d\u00e9partemental, en plus de ses fonctions de maire.\u00a0\u00bb<\/p>\n<p>Selon Claudine Didier, le cumul de ses mandats ainsi que la \u00ab\u00a0non-divulgation de ses indemnit\u00e9s\u00a0\u00bb les ont pouss\u00e9s \u00ab\u00a0\u00e0 en faire une estimation\u00a0\u00bb. \u00ab\u00a0Qu\u2019il arr\u00eate de dire qu\u2019il touche peu et qu\u2019il commence par \u00eatre plus transparent. Nous n\u2019avons fait qu\u2019estimer les montants de ses indemnit\u00e9s afin de le pousser \u00e0 les publier\u00a0; c\u2019est d\u2019ailleurs chose faite.\u00a0\u00bb<\/p>\n<p>Concernant les investissements de la Ville en mati\u00e8re d\u2019\u00e9ducation, Claudine Didier poursuit\u00a0: \u00ab\u00a0Nous trouvons que la communication autour de ces investissements est tr\u00e8s bien faite, mais, dans le d\u00e9tail, toutes les op\u00e9rations restent tr\u00e8s opaques. Les seuls r\u00e9sultats dont ils peuvent tirer profit sont ceux des investissements de l\u2019ancienne municipalit\u00e9\u00a0\u00bb, conclut-elle.<\/p>\n<p>De son c\u00f4t\u00e9, Franck Longo assure avoir d\u00e9pos\u00e9 plainte pour diffamation et \u00e9crit au procureur de la R\u00e9publique.<\/p>\n","protected":false},"excerpt":{"rendered":"C\u2019est en relevant le courrier dans sa bo\u00eete aux lettres que l\u2019actuel maire de Fontaine &#8211; et candidat&hellip;\n","protected":false},"author":2,"featured_media":597506,"comment_status":"","ping_status":"","sticky":false,"template":"","format":"standard","meta":{"footnotes":""},"categories":[9566],"tags":[1111,11,2430,33,112,4188,1777,674,274,107,9592,11680,1011,27,2731,108,12,316,25],"class_list":{"0":"post-597505","1":"post","2":"type-post","3":"status-publish","4":"format-standard","5":"has-post-thumbnail","7":"category-grenoble","8":"tag-actu","9":"tag-actualites","10":"tag-auvergne-rhone-alpes","11":"tag-economie","12":"tag-edition-grenoble-agglomeration","13":"tag-elections-municipales","14":"tag-eu","15":"tag-europe","16":"tag-faits-divers-justice","17":"tag-fil-info","18":"tag-fontaine","19":"tag-fontaine-bassin","20":"tag-fr","21":"tag-france","22":"tag-grenoble","23":"tag-isere","24":"tag-news","25":"tag-politique","26":"tag-republique-francaise"},"share_on_mastodon":{"url":"https:\/\/pubeurope.com\/@fr\/115714586259276816","error":""},"_links":{"self":[{"href":"https:\/\/www.europesays.com\/fr\/wp-json\/wp\/v2\/posts\/597505","targetHints":{"allow":["GET"]}}],"collection":[{"href":"https:\/\/www.europesays.com\/fr\/wp-json\/wp\/v2\/posts"}],"about":[{"href":"https:\/\/www.europesays.com\/fr\/wp-json\/wp\/v2\/types\/post"}],"author":[{"embeddable":true,"href":"https:\/\/www.europesays.com\/fr\/wp-json\/wp\/v2\/users\/2"}],"replies":[{"embeddable":true,"href":"https:\/\/www.europesays.com\/fr\/wp-json\/wp\/v2\/comments?post=597505"}],"version-history":[{"count":0,"href":"https:\/\/www.europesays.com\/fr\/wp-json\/wp\/v2\/posts\/597505\/revisions"}],"wp:featuredmedia":[{"embeddable":true,"href":"https:\/\/www.europesays.com\/fr\/wp-json\/wp\/v2\/media\/597506"}],"wp:attachment":[{"href":"https:\/\/www.europesays.com\/fr\/wp-json\/wp\/v2\/media?parent=597505"}],"wp:term":[{"taxonomy":"category","embeddable":true,"href":"https:\/\/www.europesays.com\/fr\/wp-json\/wp\/v2\/categories?post=597505"},{"taxonomy":"post_tag","embeddable":true,"href":"https:\/\/www.europesays.com\/fr\/wp-json\/wp\/v2\/tags?post=597505"}],"curies":[{"name":"wp","href":"https:\/\/api.w.org\/{rel}","templated":true}]}}