{"id":597507,"date":"2025-12-13T22:20:46","date_gmt":"2025-12-13T22:20:46","guid":{"rendered":"https:\/\/www.europesays.com\/fr\/597507\/"},"modified":"2025-12-13T22:20:46","modified_gmt":"2025-12-13T22:20:46","slug":"grenoble-mhsc-on-pouvait-ramener-plus-jai-limpression-davoir-vu-jouer-un-u18-la-reaction-de-zoumana-camara-apres-le-nul-en-isere","status":"publish","type":"post","link":"https:\/\/www.europesays.com\/fr\/597507\/","title":{"rendered":"Grenoble-MHSC\u00a0: \u00ab\u00a0On pouvait ramener plus\u00a0\u00bb, \u00ab\u00a0j\u2019ai l\u2019impression d\u2019avoir vu jouer un U18\u00a0\u00bb, la r\u00e9action de Zoumana Camara apr\u00e8s le nul en Is\u00e8re"},"content":{"rendered":"<p>\n                                                                L\u2019entra\u00eeneur h\u00e9raultais a fait part de sa \u00ab\u00a0frustration\u00a0\u00bb apr\u00e8s le match nul r\u00e9alis\u00e9 \u00e0 Grenoble, ce samedi 13\u00a0d\u00e9cembre. Un r\u00e9sultat qui a mis en lumi\u00e8re le manque de \u00ab\u00a0maturit\u00e9\u00a0\u00bb de cette \u00e9quipe montpelli\u00e9raine qui doit \u00ab\u00a0grandir\u00a0\u00bb avant d\u2019aspirer \u00e0 mieux.\n                            <\/p>\n<p class=\"txt-question\">Comment ressortez-vous\u00a0de ce match\u00a0? Arrivez-vous \u00e0 \u00eatre satisfait, malgr\u00e9 tout, de ce point ramen\u00e9 de Grenoble\u00a0?<\/p>\n<p>Ce match r\u00e9sume bien notre premi\u00e8re partie de saison. On peut un petit peu maintenant faire un bilan, parce que c\u2019est la fin de la premi\u00e8re partie. Et c\u2019est souvent de la frustration.<\/p>\n<p>Mais quand il y a de la frustration, c\u2019est aussi parce qu\u2019il y a des manques. Il faut \u00eatre r\u00e9aliste. J\u2019ai des jeunes joueurs, des joueurs qui parfois manquent d\u2019exp\u00e9rience dans l\u2019histoire d\u2019un match. Il y a des moments o\u00f9 il faut de la personnalit\u00e9, il faut jouer.\u00a0Et d\u2019autres o\u00f9 il faut justement les laisser venir pour pouvoir piquer et faire mal.\u00a0Mes joueurs manquent encore un peu de maturit\u00e9 \u00e0 ce niveau-l\u00e0 pour pouvoir amener une alternance dans le match.<\/p>\n<blockquote>\n<p>Quand il commence \u00e0 y en avoir 4 ou 5 dans un effectif comme le n\u00f4tre, c\u2019est beaucoup trop.<\/p>\n<\/blockquote>\n<p class=\"txt-question\">Vous parlez\u00a0de manque de maturit\u00e9, mais est-ce qu\u2019il n\u2019y a pas des manques dans votre effectif aussi\u00a0? D\u2019o\u00f9 les changements tardifs aujourd\u2019hui\u00a0?<\/p>\n<p>Tout est dit dans la question (sourire). Effectivement, je vais r\u00e9p\u00e9ter quelque chose, mais qui est clair. Regardez la bonne phase qu\u2019on a eue, la bonne s\u00e9rie (5 victoires en 6 matches). Prenez l\u2019effectif que j\u2019avais, j\u2019avais \u00e0 peu pr\u00e8s 80\u00a0% de mes joueurs \u00e0 disposition. Dans une saison, tous les entra\u00eeneurs aimeraient avoir tout le monde, mais 100\u00a0% \u00e7a n\u2019existe pas. Il y a toujours des blessures, toujours une ou deux absences. Mais je trouve qu\u2019au-del\u00e0 de 80\u00a0%, quand il\u00a0commence\u00a0\u00e0 y en avoir 4 ou 5 dans un effectif comme le n\u00f4tre, c\u2019est beaucoup trop pour pouvoir esp\u00e9rer avoir le m\u00eame rendu ou avoir le m\u00eame visage.<\/p>\n<p>Donc forc\u00e9ment, je dois trouver des solutions, il faut que je m\u2019adapte, c\u2019est mon boulot. Voil\u00e0, c\u2019est une r\u00e9alit\u00e9. Mais encore une fois, c\u2019est dommage, on ram\u00e8ne un point, je pense qu\u2019on pouvait ramener plus.<\/p>\n<p class=\"txt-question\">Sur le but conc\u00e9d\u00e9, vous vous d\u00e9couvrez un petit peu, il y a ce centre qui vient de la droite, comment l\u2019expliquer\u00a0?<\/p>\n<p>Je ne l\u2019ai pas encore revu, mais il est \u00e9vident que sur ce jeu long, on laisse \u00e0 la fois contr\u00f4ler et on est un peu loin sur le centre. Quand je parle de na\u00efvet\u00e9, c\u2019est aussi \u00e0 ce niveau-l\u00e0. On est encore un peu tendre.<\/p>\n<p>    Franck Rizzetto (coach du GF38)\u00a0: \u00ab\u00a0On aurait pu faire beaucoup plus mal \u00e0 cette \u00e9quipe\u00a0\u00bb<\/p>\n<p>\u00ab\u00a0C\u2019est tr\u00e8s bien d\u2019\u00eatre au moins revenu. Et s\u2019il y avait eu un peu plus de justesse, je pense qu\u2019on aurait pu faire beaucoup plus mal \u00e0 cette \u00e9quipe de Montpellier.\u00a0Mais les joueurs ont eu un \u00e9tat d\u2019esprit irr\u00e9prochable et ils sont revenus. C\u2019\u00e9tait le minimum syndical pour ce match, bravo \u00e0 eux. Mes retrouvailles avec le MHSC\u00a0? Globalement, bien. Ce n\u2019est pas comme si je rencontrais Montpellier la premi\u00e8re fois. Mais\u00a0\u00e7a m\u2019a fait plaisir de revoir beaucoup de monde.\u00a0\u00bb<\/p>\n<p class=\"txt-question\">Le bilan de la phase aller, pour r\u00e9sumer, c\u2019est donc frustrant\u00a0?<\/p>\n<p>\u00c0 la fois frustrant, et dans cette reconstruction, il y a des bonnes choses. Quand je vous dis, et j\u2019insiste, ne me parlez pas de mont\u00e9e, ne me parlez pas de troisi\u00e8me place, de quatri\u00e8me place, parce qu\u2019on est tr\u00e8s loin de \u00e7a. Mais quand je dis \u00e7a, ce n\u2019est pas un manque d\u2019ambition. Et \u00e7a ne veut pas dire que si on peut, on va se priver. Mais par rapport \u00e0 l\u00e0 d\u2019o\u00f9 on vient et ce qu\u2019on essaie de reb\u00e2tir, ces \u00e9tapes, il y a des manques. On les voit. Mais maintenant, \u00e7a n\u2019enl\u00e8ve pas l\u2019ambition, la d\u00e9termination, le c\u00f4t\u00e9 positif et l\u2019envie de r\u00e9ussir.<\/p>\n<p>Maintenant, on va continuer de\u00a0travailler. Il nous reste encore un match en Coupe. On va essayer de bien finir cette premi\u00e8re partie et d\u2019essayer d\u2019am\u00e9liorer ces choses et de faire en sorte que cette \u00e9quipe continue \u00e0 grandir.<\/p>\n<blockquote>\n<p>Savanier\u00a0a fait preuve de malice, d\u2019adresse. J\u2019avais insist\u00e9 avec lui pour qu\u2019il soit un peu plus dans la surface.<\/p>\n<\/blockquote>\n<p class=\"txt-question\">Vous aviez d\u00e9cid\u00e9 de titulariser Victor Orakpo plut\u00f4t que Nicolas Pays. Qu\u2019est-ce qui vous a pouss\u00e9 \u00e0 ce choix\u00a0?<\/p>\n<p>C\u2019est sa capacit\u00e9 \u00e0 pouvoir garder les ballons et notre c\u00f4t\u00e9 gauche \u00e0 nous. Pouvoir s\u2019orienter et jouer combin\u00e9, rentrer \u00e0 l\u2019int\u00e9rieur. Apr\u00e8s, je voulais qu\u2019on ait un peu plus de joueurs dans la surface. Il est naturellement un joueur de pointe. Mais j\u2019avais envie qu\u2019il vienne un peu \u00e9pauler Alex Mendy et qu\u2019il soit un peu plus proche.<\/p>\n<p>Il a \u00e9t\u00e9 int\u00e9ressant, mais on voit encore la tendresse et la jeunesse d\u2019un joueur. J\u2019ai le souvenir d\u2019une action en 1re mi-temps, il rentre \u00e0 l\u2019int\u00e9rieur. Et j\u2019ai l\u2019impression d\u2019avoir vu jouer\u00a0un U18. Mais en m\u00eame temps, c\u2019est son \u00e2ge. Il faut vite gagner en maturit\u00e9. Il faut vite s\u2019am\u00e9liorer. Mais il a un bon \u00e9tat d\u2019esprit et il fait des choses tr\u00e8s int\u00e9ressantes.<\/p>\n<p class=\"txt-question\">Celui qui n\u2019est pas un U18, c\u2019est T\u00e9ji Savanier. On a vu encore tout ce qu\u2019il peut r\u00e9aliser et les situations qu\u2019il peut d\u00e9bloquer sur ce but.<\/p>\n<p>Il a fait preuve de malice, d\u2019adresse. J\u2019avais insist\u00e9 avec lui pour qu\u2019il soit un peu plus dans la surface. Si mes souvenirs sont bons, \u00e7a fait presque deux ans qu\u2019il n\u2019avait pas marqu\u00e9 dans le jeu (3\u00a0mai 2024 \u00e0 Toulouse, NDLR). S\u2019il n\u2019y rentre pas, il amoindrit encore ses chances de marquer. Il le fait plus, il am\u00e8ne des courses et il est \u00e0 juste titre r\u00e9compens\u00e9.<\/p>\n<p>\u00a0<\/p>\n","protected":false},"excerpt":{"rendered":"L\u2019entra\u00eeneur h\u00e9raultais a fait part de sa \u00ab\u00a0frustration\u00a0\u00bb apr\u00e8s le match nul r\u00e9alis\u00e9 \u00e0 Grenoble, ce samedi 13\u00a0d\u00e9cembre.&hellip;\n","protected":false},"author":2,"featured_media":597508,"comment_status":"","ping_status":"","sticky":false,"template":"","format":"standard","meta":{"footnotes":""},"categories":[9566],"tags":[1111,11,2430,1777,674,63,1011,27,2731,7089,2208,12,25,517],"class_list":{"0":"post-597507","1":"post","2":"type-post","3":"status-publish","4":"format-standard","5":"has-post-thumbnail","7":"category-grenoble","8":"tag-actu","9":"tag-actualites","10":"tag-auvergne-rhone-alpes","11":"tag-eu","12":"tag-europe","13":"tag-football","14":"tag-fr","15":"tag-france","16":"tag-grenoble","17":"tag-herault","18":"tag-montpellier","19":"tag-news","20":"tag-republique-francaise","21":"tag-sport"},"share_on_mastodon":{"url":"https:\/\/pubeurope.com\/@fr\/115714590243197954","error":""},"_links":{"self":[{"href":"https:\/\/www.europesays.com\/fr\/wp-json\/wp\/v2\/posts\/597507","targetHints":{"allow":["GET"]}}],"collection":[{"href":"https:\/\/www.europesays.com\/fr\/wp-json\/wp\/v2\/posts"}],"about":[{"href":"https:\/\/www.europesays.com\/fr\/wp-json\/wp\/v2\/types\/post"}],"author":[{"embeddable":true,"href":"https:\/\/www.europesays.com\/fr\/wp-json\/wp\/v2\/users\/2"}],"replies":[{"embeddable":true,"href":"https:\/\/www.europesays.com\/fr\/wp-json\/wp\/v2\/comments?post=597507"}],"version-history":[{"count":0,"href":"https:\/\/www.europesays.com\/fr\/wp-json\/wp\/v2\/posts\/597507\/revisions"}],"wp:featuredmedia":[{"embeddable":true,"href":"https:\/\/www.europesays.com\/fr\/wp-json\/wp\/v2\/media\/597508"}],"wp:attachment":[{"href":"https:\/\/www.europesays.com\/fr\/wp-json\/wp\/v2\/media?parent=597507"}],"wp:term":[{"taxonomy":"category","embeddable":true,"href":"https:\/\/www.europesays.com\/fr\/wp-json\/wp\/v2\/categories?post=597507"},{"taxonomy":"post_tag","embeddable":true,"href":"https:\/\/www.europesays.com\/fr\/wp-json\/wp\/v2\/tags?post=597507"}],"curies":[{"name":"wp","href":"https:\/\/api.w.org\/{rel}","templated":true}]}}