{"id":597513,"date":"2025-12-13T22:28:32","date_gmt":"2025-12-13T22:28:32","guid":{"rendered":"https:\/\/www.europesays.com\/fr\/597513\/"},"modified":"2025-12-13T22:28:32","modified_gmt":"2025-12-13T22:28:32","slug":"sante-les-mutuelles-alsaciennes-se-resignent-a-passer-a-la-caisse-les-assures-risquent-den-patir","status":"publish","type":"post","link":"https:\/\/www.europesays.com\/fr\/597513\/","title":{"rendered":"Sant\u00e9. Les mutuelles alsaciennes se r\u00e9signent \u00e0 passer \u00e0 la caisse, les assur\u00e9s risquent d&rsquo;en p\u00e2tir"},"content":{"rendered":"<p>Deux \u00e0 2,5 millions d\u2019euros pour Muta Sant\u00e9. Plus de 1,8 million pour Mutest. Inscrite dans le projet de loi de financement de la S\u00e9curit\u00e9 sociale, <a href=\"https:\/\/www.lalsace.fr\/politique\/2025\/12\/09\/le-budget-de-la-secu-adopte-a-13-voix-pres-comment-sebastien-lecornu-a-reussi-son-pari\" target=\"_blank\" rel=\"noopener\">adopt\u00e9 mardi dernier \u00e0 l\u2019Assembl\u00e9e nationale<\/a> , la nouvelle \u201ccontribution\u201d de 2,05 % sur les cotisations per\u00e7ues par les compl\u00e9mentaires sant\u00e9, qui vient s\u2019ajouter \u00e0 la taxe de solidarit\u00e9 additionnelle (TSA) s\u2019appliquant d\u00e9j\u00e0 sur l\u2019ensemble des contrats, p\u00e8sera lourd sur les r\u00e9sultats des mutuelles alsaciennes l\u2019ann\u00e9e prochaine.<\/p>\n<p>Un amendement pr\u00e9voit en outre une n\u00e9gociation afin que cette \u201csurtaxe\u201d ne soit pas r\u00e9percut\u00e9e sur les cotisations \u00ab au cours des exercices en cours et \u00e0 venir par les organismes assujettis \u00bb. \u00ab Comme beaucoup, je pense que c\u2019est&#8230;<\/p>\n","protected":false},"excerpt":{"rendered":"Deux \u00e0 2,5 millions d\u2019euros pour Muta Sant\u00e9. Plus de 1,8 million pour Mutest. Inscrite dans le projet&hellip;\n","protected":false},"author":2,"featured_media":597514,"comment_status":"","ping_status":"","sticky":false,"template":"","format":"standard","meta":{"footnotes":""},"categories":[2820],"tags":[1111,11,2389,33,1777,674,107,3183,1011,27,775,12,25,71,4604,640],"class_list":{"0":"post-597513","1":"post","2":"type-post","3":"status-publish","4":"format-standard","5":"has-post-thumbnail","7":"category-strasbourg","8":"tag-actu","9":"tag-actualites","10":"tag-alsace","11":"tag-economie","12":"tag-eu","13":"tag-europe","14":"tag-fil-info","15":"tag-finance-et-fiscalite","16":"tag-fr","17":"tag-france","18":"tag-grand-est","19":"tag-news","20":"tag-republique-francaise","21":"tag-sante","22":"tag-selection-abonne","23":"tag-strasbourg"},"share_on_mastodon":{"url":"https:\/\/pubeurope.com\/@fr\/115714621738307300","error":""},"_links":{"self":[{"href":"https:\/\/www.europesays.com\/fr\/wp-json\/wp\/v2\/posts\/597513","targetHints":{"allow":["GET"]}}],"collection":[{"href":"https:\/\/www.europesays.com\/fr\/wp-json\/wp\/v2\/posts"}],"about":[{"href":"https:\/\/www.europesays.com\/fr\/wp-json\/wp\/v2\/types\/post"}],"author":[{"embeddable":true,"href":"https:\/\/www.europesays.com\/fr\/wp-json\/wp\/v2\/users\/2"}],"replies":[{"embeddable":true,"href":"https:\/\/www.europesays.com\/fr\/wp-json\/wp\/v2\/comments?post=597513"}],"version-history":[{"count":0,"href":"https:\/\/www.europesays.com\/fr\/wp-json\/wp\/v2\/posts\/597513\/revisions"}],"wp:featuredmedia":[{"embeddable":true,"href":"https:\/\/www.europesays.com\/fr\/wp-json\/wp\/v2\/media\/597514"}],"wp:attachment":[{"href":"https:\/\/www.europesays.com\/fr\/wp-json\/wp\/v2\/media?parent=597513"}],"wp:term":[{"taxonomy":"category","embeddable":true,"href":"https:\/\/www.europesays.com\/fr\/wp-json\/wp\/v2\/categories?post=597513"},{"taxonomy":"post_tag","embeddable":true,"href":"https:\/\/www.europesays.com\/fr\/wp-json\/wp\/v2\/tags?post=597513"}],"curies":[{"name":"wp","href":"https:\/\/api.w.org\/{rel}","templated":true}]}}