{"id":597519,"date":"2025-12-13T22:32:29","date_gmt":"2025-12-13T22:32:29","guid":{"rendered":"https:\/\/www.europesays.com\/fr\/597519\/"},"modified":"2025-12-13T22:32:29","modified_gmt":"2025-12-13T22:32:29","slug":"haise-isole-par-ses-joueurs-ca-ne-passe-pas","status":"publish","type":"post","link":"https:\/\/www.europesays.com\/fr\/597519\/","title":{"rendered":"Haise isol\u00e9 par ses joueurs, \u00e7a ne passe pas"},"content":{"rendered":"<p><b>En crise apr\u00e8s 8 d\u00e9faites de rang, Nice effectuera un d\u00e9placement p\u00e9rilleux dimanche. Les Aiglons seront \u00e0 Lens, le leader de <a href=\"https:\/\/www.foot01.com\/ligue1\" title=\"Ligue 1\" target=\"_blank\" rel=\"noopener\">Ligue 1<\/a> avant ce week-end. L&rsquo;ambiance est lourde et les joueurs ni\u00e7ois pr\u00e9f\u00e8rent garder le silence pour le moment.<\/b><a href=\"https:\/\/www.foot01.com\/nice\" target=\"_self\" rel=\"noopener\">Nice<\/a> vient de r\u00e9aliser un encha\u00eenement digne des pires cancres du football ou des plus prestigieux livres des records au choix. Le Gym a perdu ses 8 derniers matchs toutes comp\u00e9titions confondues dont 5 en Ligue 1. Les Aiglons ont gliss\u00e9 en seconde partie de classement. Un nouveau revers ce week-end est d\u00e9j\u00e0 pr\u00e9visible puisque Nice se rend \u00e0 Lens dimanche apr\u00e8s-midi. Leaders de Ligue 1 avant cette 16e journ\u00e9e, les Sang et Or de Pierre Sage sont inarr\u00eatables en ce moment.Les joueurs ni\u00e7ois boudent la presse<\/p>\n<p>Une forme et un enthousiasme lensois qui font envie aux Ni\u00e7ois. Dans la cit\u00e9 azur\u00e9enne, le plat \u00e0 la mode n&rsquo;est plus la salade ni\u00e7oise mais la soupe \u00e0 la grimace. Depuis la violente altercation avec les supporters il y a deux semaines, les joueurs du Gym n&rsquo;ont plus le sourire. Nouvelle preuve ce samedi. Aucun joueur ne s&rsquo;est pr\u00e9sent\u00e9 en conf\u00e9rence de presse. Seul face aux journalistes, Franck Haise n&rsquo;a pas appr\u00e9ci\u00e9 cette situation \u00e9tonnante. Dans un moment aussi difficile sportivement, les joueurs devraient montrer plus de caract\u00e8re selon lui.<\/p>\n<p>\u00ab On n&rsquo;attend pas<br \/>\nqu&rsquo;on prenne de point \u00e0 Lens. J&rsquo;esp\u00e8re qu&rsquo;on est capable de refaire<br \/>\nce qu&rsquo;on avait fait (en octobre avec des succ\u00e8s contre Lyon, Lille et Rennes). Je pr\u00e9f\u00e8re quand les mecs se rebellent. On<br \/>\ndoit tous assumer. C&rsquo;est leur d\u00e9cision de ne pas venir face \u00e0 vous<br \/>\nce midi. Moi aussi je pr\u00e9f\u00e9rerais \u00eatre chez moi ce midi \u00bb, a t-il l\u00e2ch\u00e9. Une atmosph\u00e8re peu propice \u00e0 un r\u00e9veil dimanche. Nice viendra \u00e0 Bollaert en victime expiatoire et un possible succ\u00e8s dans le Pas-de-Calais serait un miracle pour le Gym.\u00a0<\/p>\n<p><img decoding=\"async\" class=\"w-6 h-6\" src=\"https:\/\/www.europesays.com\/fr\/wp-content\/uploads\/2025\/09\/301.png\" alt=\"\"\/>Ligue 114 d\u00e9cembre 2025 \u00e0 17:15<\/p>\n","protected":false},"excerpt":{"rendered":"En crise apr\u00e8s 8 d\u00e9faites de rang, Nice effectuera un d\u00e9placement p\u00e9rilleux dimanche. Les Aiglons seront \u00e0 Lens,&hellip;\n","protected":false},"author":2,"featured_media":597520,"comment_status":"","ping_status":"","sticky":false,"template":"","format":"standard","meta":{"footnotes":""},"categories":[2819],"tags":[1111,11,1777,674,1011,27,66,12,2401,2268,882,25],"class_list":{"0":"post-597519","1":"post","2":"type-post","3":"status-publish","4":"format-standard","5":"has-post-thumbnail","7":"category-nice","8":"tag-actu","9":"tag-actualites","10":"tag-eu","11":"tag-europe","12":"tag-fr","13":"tag-france","14":"tag-ligue-1","15":"tag-news","16":"tag-nice","17":"tag-ogc-nice","18":"tag-provence-alpes-cote-dazur","19":"tag-republique-francaise"},"share_on_mastodon":{"url":"https:\/\/pubeurope.com\/@fr\/115714638231227889","error":""},"_links":{"self":[{"href":"https:\/\/www.europesays.com\/fr\/wp-json\/wp\/v2\/posts\/597519","targetHints":{"allow":["GET"]}}],"collection":[{"href":"https:\/\/www.europesays.com\/fr\/wp-json\/wp\/v2\/posts"}],"about":[{"href":"https:\/\/www.europesays.com\/fr\/wp-json\/wp\/v2\/types\/post"}],"author":[{"embeddable":true,"href":"https:\/\/www.europesays.com\/fr\/wp-json\/wp\/v2\/users\/2"}],"replies":[{"embeddable":true,"href":"https:\/\/www.europesays.com\/fr\/wp-json\/wp\/v2\/comments?post=597519"}],"version-history":[{"count":0,"href":"https:\/\/www.europesays.com\/fr\/wp-json\/wp\/v2\/posts\/597519\/revisions"}],"wp:featuredmedia":[{"embeddable":true,"href":"https:\/\/www.europesays.com\/fr\/wp-json\/wp\/v2\/media\/597520"}],"wp:attachment":[{"href":"https:\/\/www.europesays.com\/fr\/wp-json\/wp\/v2\/media?parent=597519"}],"wp:term":[{"taxonomy":"category","embeddable":true,"href":"https:\/\/www.europesays.com\/fr\/wp-json\/wp\/v2\/categories?post=597519"},{"taxonomy":"post_tag","embeddable":true,"href":"https:\/\/www.europesays.com\/fr\/wp-json\/wp\/v2\/tags?post=597519"}],"curies":[{"name":"wp","href":"https:\/\/api.w.org\/{rel}","templated":true}]}}