{"id":597521,"date":"2025-12-13T22:33:26","date_gmt":"2025-12-13T22:33:26","guid":{"rendered":"https:\/\/www.europesays.com\/fr\/597521\/"},"modified":"2025-12-13T22:33:26","modified_gmt":"2025-12-13T22:33:26","slug":"saint-sebastien-sur-loire-lorpass-sest-dote-dun-nouveau-bureau","status":"publish","type":"post","link":"https:\/\/www.europesays.com\/fr\/597521\/","title":{"rendered":"Saint-S\u00e9bastien-sur-Loire. L\u2019Orpass\u00a0s\u2019est dot\u00e9 d\u2019un nouveau bureau"},"content":{"rendered":"<p>\u00c0 l\u2019occasion du spectacle de No\u00ebl de l\u2019office retraite personnes \u00e2g\u00e9es de Saint-S\u00e9bastien (Orpass) avec les Fabuleuses, o\u00f9 le public est venu nombreux (407\u00a0adh\u00e9rents), le pr\u00e9sident Robert Teissedre a pr\u00e9sent\u00e9 le nouveau bureau. Il est compos\u00e9 de Robert Teissedre pr\u00e9sident, Christian Deniaud vice-pr\u00e9sident, Raymond Bellong secr\u00e9taire, Liliane Pillet secr\u00e9taire adjointe, Annie Prigent tr\u00e9sori\u00e8re, Catherine David tr\u00e9sori\u00e8re adjointe, Mireille Josse\u00a0et Annie Cassard \u00e0 l\u2019animation.<\/p>\n<p>Concernant le conseil d\u2019administration, les nouveaux entrants sont\u00a0Daniel Malka, Annie Cassard, Dany Piguel et Claudine Berry. Les d\u00e9missionnaires sont Bernard Civel, Jean-Fran\u00e7ois Bouyer et Jo\u00eblle Bouguer.<\/p>\n<p>Prochain spectacle le 4 f\u00e9vrier<\/p>\n<p>Le prochain spectacle est pr\u00e9vu le 4\u00a0f\u00e9vrier 2026 avec la troupe \u00ab\u00a0Passion sc\u00e8ne\u00a0\u00bb sur le th\u00e8me de Dalida avec chanteuse, danseurs et pianiste. Les inscriptions sont pr\u00e9vues le 6\u00a0janvier 2026 de 9\u00a0h\u00a030 \u00e0 11\u00a0h\u00a030 \u00e0 la salle des a\u00een\u00e9s Mail Karoly Szita (6\u00a0\u20ac l\u2019entr\u00e9e).<\/p>\n<p>\u00a0<\/p>\n","protected":false},"excerpt":{"rendered":"\u00c0 l\u2019occasion du spectacle de No\u00ebl de l\u2019office retraite personnes \u00e2g\u00e9es de Saint-S\u00e9bastien (Orpass) avec les Fabuleuses, o\u00f9&hellip;\n","protected":false},"author":2,"featured_media":597522,"comment_status":"","ping_status":"","sticky":false,"template":"","format":"standard","meta":{"footnotes":""},"categories":[2818],"tags":[1111,11,12544,32121,1777,674,1011,27,766,12,4565,71023,2636,25,3524],"class_list":{"0":"post-597521","1":"post","2":"type-post","3":"status-publish","4":"format-standard","5":"has-post-thumbnail","7":"category-nantes","8":"tag-actu","9":"tag-actualites","10":"tag-bureau","11":"tag-dote","12":"tag-eu","13":"tag-europe","14":"tag-fr","15":"tag-france","16":"tag-nantes","17":"tag-news","18":"tag-nouveau","19":"tag-orpass","20":"tag-pays-de-la-loire","21":"tag-republique-francaise","22":"tag-saint-sebastien-sur-loire"},"share_on_mastodon":{"url":"https:\/\/pubeurope.com\/@fr\/115714641410436304","error":""},"_links":{"self":[{"href":"https:\/\/www.europesays.com\/fr\/wp-json\/wp\/v2\/posts\/597521","targetHints":{"allow":["GET"]}}],"collection":[{"href":"https:\/\/www.europesays.com\/fr\/wp-json\/wp\/v2\/posts"}],"about":[{"href":"https:\/\/www.europesays.com\/fr\/wp-json\/wp\/v2\/types\/post"}],"author":[{"embeddable":true,"href":"https:\/\/www.europesays.com\/fr\/wp-json\/wp\/v2\/users\/2"}],"replies":[{"embeddable":true,"href":"https:\/\/www.europesays.com\/fr\/wp-json\/wp\/v2\/comments?post=597521"}],"version-history":[{"count":0,"href":"https:\/\/www.europesays.com\/fr\/wp-json\/wp\/v2\/posts\/597521\/revisions"}],"wp:featuredmedia":[{"embeddable":true,"href":"https:\/\/www.europesays.com\/fr\/wp-json\/wp\/v2\/media\/597522"}],"wp:attachment":[{"href":"https:\/\/www.europesays.com\/fr\/wp-json\/wp\/v2\/media?parent=597521"}],"wp:term":[{"taxonomy":"category","embeddable":true,"href":"https:\/\/www.europesays.com\/fr\/wp-json\/wp\/v2\/categories?post=597521"},{"taxonomy":"post_tag","embeddable":true,"href":"https:\/\/www.europesays.com\/fr\/wp-json\/wp\/v2\/tags?post=597521"}],"curies":[{"name":"wp","href":"https:\/\/api.w.org\/{rel}","templated":true}]}}