{"id":597533,"date":"2025-12-13T22:40:50","date_gmt":"2025-12-13T22:40:50","guid":{"rendered":"https:\/\/www.europesays.com\/fr\/597533\/"},"modified":"2025-12-13T22:40:50","modified_gmt":"2025-12-13T22:40:50","slug":"city-craque-pour-un-joueur-de-lille-ce-nest-pas-bouaddi","status":"publish","type":"post","link":"https:\/\/www.europesays.com\/fr\/597533\/","title":{"rendered":"City craque pour un joueur de Lille, ce n\u2019est pas Bouaddi"},"content":{"rendered":"<p><b>Le LOSC poss\u00e8de dans son effectif des joueurs de grande qualit\u00e9. Les Dogues ne pourront pas garder tout le monde sur le march\u00e9 des transferts. Berke Ozer a notamment une cote tr\u00e8s \u00e9lev\u00e9e.\u00a0<\/b><\/p>\n<p>Le <a href=\"https:\/\/www.foot01.com\/lille\/el-le-losc-voit-rouge-chez-les-young-boys\" target=\"_self\" rel=\"noopener\">LOSC<\/a> est un club ambitieux cette saison, que ce soit sur la sc\u00e8ne nationale ou europ\u00e9enne. Les Dogues poss\u00e8dent dans leur effectif des joueurs de grande qualit\u00e9 et il est le moment pour eux de montrer de quoi ils sont capables. Parmi les \u00e9l\u00e9ments qui font l&rsquo;unanimit\u00e9 dans le nord de la France : Berke Ozer. Le gardien turc marche sur l&rsquo;eau et fait partie des meilleurs gardiens du championnat de France. Ses r\u00e9centes prouesses ne sont pas pass\u00e9es inaper\u00e7ues en Europe. Un g\u00e9ant de Premier League est notamment chaud pour le r\u00e9cup\u00e9rer, \u00e0 savoir Manchester City.\u00a0Ozer, Manchester City craque totalement\u00a0<\/p>\n<p>Selon les informations de Fichajes, le club mancunien veut en effet passer \u00e0 l&rsquo;action pour s&rsquo;offrir le gardien de but de 25 ans. Pep Guardiola aurait valid\u00e9 son arriv\u00e9e, alors que Manchester City a d\u00e9j\u00e0 recrut\u00e9 deux autres portiers r\u00e9cemment : Gianluigi Donnarumma et James Trafford. Le but serait pour Manchester City de faire venir Ozer en qualit\u00e9 de num\u00e9ro 2, Trafford \u00e9tant lui annonc\u00e9 sur le d\u00e9part dans les prochaines semaines. A noter que le Turc est encore sous contrat avec le LOSC jusqu&rsquo;en juin 2029 et que sa direction ne souhaite pas s&rsquo;en s\u00e9parer sans recevoir un gros ch\u00e8que. Avec Ayyoub Bouaddi, il fait partie des talents lillois qui pourraient faire le bonheur financier de sa direction.\u00a0<\/p>\n<p>En attendant d&rsquo;en savoir plus sur son avenir, le natif d&rsquo;Izmir va devoir rester concentr\u00e9 sur ses objectifs. En 2026, il ne manquera pas de travail, avec notamment l&rsquo;objectif de qualifier son pays, la Turquie, pour la Coupe du monde 2026 en Am\u00e9rique du Nord. Sa formation devra passer par les barrages en mars prochain.<\/p>\n","protected":false},"excerpt":{"rendered":"Le LOSC poss\u00e8de dans son effectif des joueurs de grande qualit\u00e9. Les Dogues ne pourront pas garder tout&hellip;\n","protected":false},"author":2,"featured_media":597534,"comment_status":"","ping_status":"","sticky":false,"template":"","format":"standard","meta":{"footnotes":""},"categories":[2815],"tags":[1111,11,1777,674,1011,27,811,1307,2267,1434,12,25],"class_list":{"0":"post-597533","1":"post","2":"type-post","3":"status-publish","4":"format-standard","5":"has-post-thumbnail","7":"category-lille","8":"tag-actu","9":"tag-actualites","10":"tag-eu","11":"tag-europe","12":"tag-fr","13":"tag-france","14":"tag-hauts-de-france","15":"tag-lille","16":"tag-losc","17":"tag-mercato","18":"tag-news","19":"tag-republique-francaise"},"share_on_mastodon":{"url":"https:\/\/pubeurope.com\/@fr\/115714672787012510","error":""},"_links":{"self":[{"href":"https:\/\/www.europesays.com\/fr\/wp-json\/wp\/v2\/posts\/597533","targetHints":{"allow":["GET"]}}],"collection":[{"href":"https:\/\/www.europesays.com\/fr\/wp-json\/wp\/v2\/posts"}],"about":[{"href":"https:\/\/www.europesays.com\/fr\/wp-json\/wp\/v2\/types\/post"}],"author":[{"embeddable":true,"href":"https:\/\/www.europesays.com\/fr\/wp-json\/wp\/v2\/users\/2"}],"replies":[{"embeddable":true,"href":"https:\/\/www.europesays.com\/fr\/wp-json\/wp\/v2\/comments?post=597533"}],"version-history":[{"count":0,"href":"https:\/\/www.europesays.com\/fr\/wp-json\/wp\/v2\/posts\/597533\/revisions"}],"wp:featuredmedia":[{"embeddable":true,"href":"https:\/\/www.europesays.com\/fr\/wp-json\/wp\/v2\/media\/597534"}],"wp:attachment":[{"href":"https:\/\/www.europesays.com\/fr\/wp-json\/wp\/v2\/media?parent=597533"}],"wp:term":[{"taxonomy":"category","embeddable":true,"href":"https:\/\/www.europesays.com\/fr\/wp-json\/wp\/v2\/categories?post=597533"},{"taxonomy":"post_tag","embeddable":true,"href":"https:\/\/www.europesays.com\/fr\/wp-json\/wp\/v2\/tags?post=597533"}],"curies":[{"name":"wp","href":"https:\/\/api.w.org\/{rel}","templated":true}]}}