{"id":597535,"date":"2025-12-13T22:42:18","date_gmt":"2025-12-13T22:42:18","guid":{"rendered":"https:\/\/www.europesays.com\/fr\/597535\/"},"modified":"2025-12-13T22:42:18","modified_gmt":"2025-12-13T22:42:18","slug":"le-mucem-de-marseille-rattrape-par-le-conflit-israelo-palestinien","status":"publish","type":"post","link":"https:\/\/www.europesays.com\/fr\/597535\/","title":{"rendered":"Le MuCEM de Marseille rattrap\u00e9 par le conflit isra\u00e9lo-palestinien"},"content":{"rendered":"<p class=\"paragraph text_align_left lp-f-body-02\">Rattrap\u00e9 par la situation br\u00fblante au Moyen-Orient, le seul mus\u00e9e national situ\u00e9 hors de Paris est aujourd\u2019hui en pleine temp\u00eate et au c\u0153ur d\u2019un bras de fer entre politiques locaux !<a href=\"https:\/\/www.leparisien.fr\/culture-loisirs\/expositions\/une-espece-didole-sanglante-en-marge-de-la-pantheonisation-de-badinter-une-guillotine-bientot-exposee-a-marseille-26-09-2025-Z3OS2GCPSZBSBJCUZNFGB53ZRE.php\" target=\"_self\" rel=\"noopener\"> Le mus\u00e9e des civilisations de l\u2019Europe et de la M\u00e9diterran\u00e9e (MuCEM)<\/a> install\u00e9 sur l\u2019esplanade du J4 \u00e0 l\u2019entr\u00e9e du Vieux-Port de <a href=\"https:\/\/www.leparisien.fr\/faits-divers\/deux-employees-du-tribunal-de-marseille-mises-en-examen-pour-avoir-transmis-des-informations-a-des-proches-de-la-dz-mafia-11-12-2025-EY4HZ7DOHRHBNFJ7WRXKHI2UCU.php\" target=\"_self\" rel=\"noopener\">Marseille (Bouches-du-Rh\u00f4ne)<\/a> vient en effet de rompre son partenariat avec un de ses m\u00e9c\u00e8nes fondateurs, Digital Realty, le g\u00e9ant am\u00e9ricain des data center qui exploite quatre de ces centres de donn\u00e9es sur le port de Marseille et est en train d\u2019en \u00e9riger un cinqui\u00e8me.<\/p>\n<p class=\"\">La direction du mus\u00e9e a en effet indiqu\u00e9 qu\u2019elle ne renouvellerait pas l\u2019an prochain sa convention avec la soci\u00e9t\u00e9, accus\u00e9e par des associations de d\u00e9fense de la Palestine, qui avaient manifest\u00e9 deux fois cet \u00e9t\u00e9, d\u2019\u00eatre li\u00e9e \u00e0 une soci\u00e9t\u00e9 isra\u00e9lienne qui souhaite s\u2019installer dans les territoires occup\u00e9s de Cisjordanie et du Golan. Une d\u00e9cision salu\u00e9e comme une \u00ab victoire importante apr\u00e8s des mois de mobilisation \u00bb par le mouvement propalestinien BDS.<\/p>\n<p class=\"\">Dans un contexte de campagne \u00e9lectorale pour les municipales de mars prochain \u00e0 Marseille, cette d\u00e9cision a en revanche fait bondir le pr\u00e9sident de la r\u00e9gion Paca, Renaud Muselier, et Martine Vassal, \u00e0 la fois pr\u00e9sidente du d\u00e9partement des Bouches-du-Rh\u00f4ne et de la m\u00e9tropole, mais \u00e9galement candidate oppos\u00e9e au maire Beno\u00eet Payan.<\/p>\n<p class=\"\">M\u00eame si le mus\u00e9e d\u00e9pend de la tutelle du minist\u00e8re de la Culture, les deux \u00e9lus ont annonc\u00e9 vendredi au nom de leurs collectivit\u00e9s \u00ab la suspension de toute forme ou perspective de coop\u00e9ration avec le MuCEM \u00bb et demand\u00e9 la r\u00e9union d\u2019un conseil d\u2019administration en urgence. Une premi\u00e8re pour cette institution h\u00e9riti\u00e8re des collections de l\u2019ex-mus\u00e9e des arts et traditions populaires de Paris et ouvert en 2013, lorsque Marseille \u00e9tait capitale europ\u00e9enne de la culture. La r\u00e9gion a, par exemple, financ\u00e9 le mus\u00e9e \u00e0 hauteur de 550 000 euros en dix ans et les collectivit\u00e9s locales si\u00e8gent au conseil d\u2019administration sans voix d\u00e9lib\u00e9rative.<\/p>\n<p>\u00ab Aujourd\u2019hui, nous demandons la clart\u00e9 \u00bb<\/p>\n<p class=\"\">\u00ab Aujourd\u2019hui, nous demandons la clart\u00e9. Pourquoi cette d\u00e9cision a-t-elle \u00e9t\u00e9 prise sous la pression d\u2019activit\u00e9s d\u2019extr\u00eame gauche qui veulent importer le conflit isra\u00e9lo-palestinien en France ? Quelle est l\u2019explication de la direction du mus\u00e9e ? \u00bb, \u00e9crivent les deux \u00e9lus dans un communiqu\u00e9 commun apr\u00e8s avoir soulign\u00e9 : \u00ab Nous refusons toute compromission avec l\u2019antis\u00e9mitisme et le racisme, dans les structures que nous finan\u00e7ons. \u00bb<\/p>\n<p class=\"\">Signe que la pol\u00e9mique a pris une tournure politique d\u00e9licate, Digital Realty autant que la direction du MuCEM se refusent \u00e0 toute interview ou commentaire en se contentant d\u2019un court communiqu\u00e9 conjoint expliquant que la fin de ce m\u00e9c\u00e9nat avait \u00e9t\u00e9 d\u00e9cid\u00e9e d\u2019un \u00ab commun accord \u00bb afin que \u00ab le mus\u00e9e poursuive ses missions de service public dans un contexte apais\u00e9 \u00bb.<\/p>\n","protected":false},"excerpt":{"rendered":"Rattrap\u00e9 par la situation br\u00fblante au Moyen-Orient, le seul mus\u00e9e national situ\u00e9 hors de Paris est aujourd\u2019hui en&hellip;\n","protected":false},"author":2,"featured_media":597536,"comment_status":"","ping_status":"","sticky":false,"template":"","format":"standard","meta":{"footnotes":""},"categories":[2814],"tags":[1111,917,11,11004,872,459,1777,674,1011,27,884,12,882,25],"class_list":{"0":"post-597535","1":"post","2":"type-post","3":"status-publish","4":"format-standard","5":"has-post-thumbnail","7":"category-marseille","8":"tag-actu","9":"tag-actu-locale","10":"tag-actualites","11":"tag-bouches-du-rhone-13","12":"tag-culture-et-loisirs","13":"tag-departements-horsidfo","14":"tag-eu","15":"tag-europe","16":"tag-fr","17":"tag-france","18":"tag-marseille","19":"tag-news","20":"tag-provence-alpes-cote-dazur","21":"tag-republique-francaise"},"share_on_mastodon":{"url":"https:\/\/pubeurope.com\/@fr\/115714676988084389","error":""},"_links":{"self":[{"href":"https:\/\/www.europesays.com\/fr\/wp-json\/wp\/v2\/posts\/597535","targetHints":{"allow":["GET"]}}],"collection":[{"href":"https:\/\/www.europesays.com\/fr\/wp-json\/wp\/v2\/posts"}],"about":[{"href":"https:\/\/www.europesays.com\/fr\/wp-json\/wp\/v2\/types\/post"}],"author":[{"embeddable":true,"href":"https:\/\/www.europesays.com\/fr\/wp-json\/wp\/v2\/users\/2"}],"replies":[{"embeddable":true,"href":"https:\/\/www.europesays.com\/fr\/wp-json\/wp\/v2\/comments?post=597535"}],"version-history":[{"count":0,"href":"https:\/\/www.europesays.com\/fr\/wp-json\/wp\/v2\/posts\/597535\/revisions"}],"wp:featuredmedia":[{"embeddable":true,"href":"https:\/\/www.europesays.com\/fr\/wp-json\/wp\/v2\/media\/597536"}],"wp:attachment":[{"href":"https:\/\/www.europesays.com\/fr\/wp-json\/wp\/v2\/media?parent=597535"}],"wp:term":[{"taxonomy":"category","embeddable":true,"href":"https:\/\/www.europesays.com\/fr\/wp-json\/wp\/v2\/categories?post=597535"},{"taxonomy":"post_tag","embeddable":true,"href":"https:\/\/www.europesays.com\/fr\/wp-json\/wp\/v2\/tags?post=597535"}],"curies":[{"name":"wp","href":"https:\/\/api.w.org\/{rel}","templated":true}]}}