{"id":597537,"date":"2025-12-13T22:43:15","date_gmt":"2025-12-13T22:43:15","guid":{"rendered":"https:\/\/www.europesays.com\/fr\/597537\/"},"modified":"2025-12-13T22:43:15","modified_gmt":"2025-12-13T22:43:15","slug":"avant-son-deplacement-a-marseille-emmanuel-macron-promet-que-letat-gagnera-la-bataille-du-narcotrafic","status":"publish","type":"post","link":"https:\/\/www.europesays.com\/fr\/597537\/","title":{"rendered":"Avant son d\u00e9placement \u00e0 Marseille, Emmanuel Macron promet que l\u2019\u00c9tat \u00ab gagnera \u00bb la bataille du narcotrafic"},"content":{"rendered":"<p class=\"mb-4 text-lg md:leading-8 break-words\">Le pr\u00e9sident de la R\u00e9publique pr\u00e9pare le terrain. \u00c0 quelques jours d\u2019un d\u00e9placement \u00e0 Marseille, le 16\u00a0d\u00e9cembre, Emmanuel Macron <a href=\"https:\/\/www.latribune.fr\/article\/la-tribune-dimanche\/politique\/90147451363741\/emmanuel-macron-a-marseille-l-etat-gagnera-la-bataille\" rel=\"nofollow noopener\" target=\"_blank\" data-ylk=\"slk:promet dans des propos \u00e0 La Tribune Dimanche;elm:context_link;itc:0;sec:content-canvas\" class=\"link \">promet dans des propos \u00e0 La Tribune Dimanche<\/a> que l\u2019\u00c9tat \u00ab\u00a0gagnera\u00a0\u00bb la bataille contre le narcotrafic \u00e0 Marseille, vantant l\u2019action qu\u2019y m\u00e8ne l\u2019\u00c9tat depuis quatre ans.<\/p>\n<p class=\"mb-4 text-lg md:leading-8 break-words\">\u00ab\u00a0Nul ne peut nier que les choses bougent et que l\u2019\u00c9tat est au rendez-vous avec constance et sans tergiverser\u00a0\u00bb, affirme le chef de l\u2019\u00c9tat, qui avait lanc\u00e9 en septembre\u00a02021 un grand plan d\u2019investissement pour la deuxi\u00e8me ville de France, \u00ab\u00a0<a href=\"https:\/\/fr.news.yahoo.com\/plan-marseille-grand-cher-%C3%A0-123150569.html\" data-ylk=\"slk:Marseille en grand;elm:context_link;itc:0;sec:content-canvas;outcm:mb_qualified_link;_E:mb_qualified_link;ct:story;\" class=\"link  yahoo-link\" target=\"_blank\" rel=\"noopener\">Marseille en grand<\/a>\u00a0\u00bb, dot\u00e9 de cinq milliards d\u2019euros, et se rend sur place ce mardi.<\/p>\n<p class=\"mb-4 text-lg md:leading-8 break-words\"><a href=\"https:\/\/fr.news.yahoo.com\/cherchent-tranquillit%C3%A9-maires-petites-villes-053017387.html\" data-ylk=\"slk:\u00ab\u00a0Ils cherchent la tranquillit\u00e9\u00a0\u00bb\u00a0: ces maires de petites villes confront\u00e9s au narcotrafic;elm:context_link;itc:0;sec:content-canvas;outcm:mb_qualified_link;_E:mb_qualified_link;ct:story;\" class=\"link  yahoo-link\" target=\"_blank\" rel=\"noopener\"> \u00ab\u00a0Ils cherchent la tranquillit\u00e9\u00a0\u00bb\u00a0: ces maires de petites villes confront\u00e9s au narcotrafic <\/a><\/p>\n<p class=\"mb-4 text-lg md:leading-8 break-words\">\u00ab\u00a0R\u00e9duction de l\u2019habitat insalubre\u00a0\u00bb, \u00ab\u00a0renforts de policiers ou de magistrats\u00a0\u00bb, d\u00e9mant\u00e8lement de points de deal, am\u00e9lioration des transports, de la situation des \u00e9coles, accompagnement des entreprises sont \u00ab\u00a0une r\u00e9alit\u00e9\u00a0\u00bb, assure-t-il, soucieux que l\u2019\u00c9tat ne soit pas un \u00ab\u00a0bouc \u00e9missaire\u00a0\u00bb \u00e0 l\u2019approche des \u00e9lections municipales.<\/p>\n<p class=\"mb-4 text-lg md:leading-8 break-words\">\u00ab\u00a0Sur l\u2019ensemble de ces sujets comme sur celui du narcotrafic, il ne nous faut rien l\u00e2cher. L\u2019\u00c9tat gagnera cette nouvelle bataille\u00a0\u00bb, ajoute-t-il, alors que Marseille, th\u00e9\u00e2tre de nombreux homicides li\u00e9s au trafic de drogue, a encore \u00e9t\u00e9 ensanglant\u00e9e il y a un mois par <a href=\"https:\/\/fr.news.yahoo.com\/amine-kessaci-sera-pr%C3%A9sent-physiquement-132421784.html\" data-ylk=\"slk:l\u2019assassinat du fr\u00e8re;elm:context_link;itc:0;sec:content-canvas;outcm:mb_qualified_link;_E:mb_qualified_link;ct:story;\" class=\"link  yahoo-link\" target=\"_blank\" rel=\"noopener\">l\u2019assassinat du fr\u00e8re<\/a> du militant antidrogue <a href=\"https:\/\/fr.news.yahoo.com\/apr%C3%A8s-l-hommage-%C3%A0-mehdi-061307869.html\" data-ylk=\"slk:Amine Kessaci;elm:context_link;itc:0;sec:content-canvas;outcm:mb_qualified_link;_E:mb_qualified_link;ct:story;\" class=\"link  yahoo-link\" target=\"_blank\" rel=\"noopener\">Amine Kessaci<\/a>.<\/p>\n<p class=\"mb-4 text-lg md:leading-8 break-words\">La Cour des comptes a dress\u00e9 en octobre\u00a02024 un bilan s\u00e9v\u00e8re du plan \u00ab\u00a0Marseille en grand\u00a0\u00bb, pointant un \u00ab\u00a0d\u00e9faut de coh\u00e9rence\u00a0\u00bb et un suivi \u00ab\u00a0indigent\u00a0\u00bb.<\/p>\n<p class=\"mb-4 text-lg md:leading-8 break-words\"><a href=\"https:\/\/fr.news.yahoo.com\/devant-emmanuel-macron-m%C3%A8re-t%C3%A9moigne-191339682.html\" data-ylk=\"slk:Devant Emmanuel Macron, une m\u00e8re t\u00e9moigne du suicide de son fils harcel\u00e9 sur les r\u00e9seaux sociaux;elm:context_link;itc:0;sec:content-canvas;outcm:mb_qualified_link;_E:mb_qualified_link;ct:story;\" class=\"link  yahoo-link\" target=\"_blank\" rel=\"noopener\"> Devant Emmanuel Macron, une m\u00e8re t\u00e9moigne du suicide de son fils harcel\u00e9 sur les r\u00e9seaux sociaux <\/a><\/p>\n<p class=\"mb-4 text-lg md:leading-8 break-words\"><a href=\"https:\/\/fr.news.yahoo.com\/macron-menace-chine-droit-douane-115217615.html\" data-ylk=\"slk:Macron menace la Chine de droit de douane apr\u00e8s sa visite d\u2019\u00c9tat;elm:context_link;itc:0;sec:content-canvas;outcm:mb_qualified_link;_E:mb_qualified_link;ct:story;\" class=\"link  yahoo-link\" target=\"_blank\" rel=\"noopener\"> Macron menace la Chine de droit de douane apr\u00e8s sa visite d\u2019\u00c9tat <\/a><\/p>\n","protected":false},"excerpt":{"rendered":"Le pr\u00e9sident de la R\u00e9publique pr\u00e9pare le terrain. \u00c0 quelques jours d\u2019un d\u00e9placement \u00e0 Marseille, le 16\u00a0d\u00e9cembre, Emmanuel&hellip;\n","protected":false},"author":2,"featured_media":597538,"comment_status":"","ping_status":"","sticky":false,"template":"","format":"standard","meta":{"footnotes":""},"categories":[2814],"tags":[71024,1111,11,1073,1777,674,1011,27,884,8972,12,10253,882,25,887],"class_list":{"0":"post-597537","1":"post","2":"type-post","3":"status-publish","4":"format-standard","5":"has-post-thumbnail","7":"category-marseille","8":"tag-accompagnement-des-entreprises","9":"tag-actu","10":"tag-actualites","11":"tag-emmanuel-macron","12":"tag-eu","13":"tag-europe","14":"tag-fr","15":"tag-france","16":"tag-marseille","17":"tag-milliards-deuros","18":"tag-news","19":"tag-president-de-la-republique","20":"tag-provence-alpes-cote-dazur","21":"tag-republique-francaise","22":"tag-trafic-de-drogue"},"share_on_mastodon":{"url":"https:\/\/pubeurope.com\/@fr\/115714680738150255","error":""},"_links":{"self":[{"href":"https:\/\/www.europesays.com\/fr\/wp-json\/wp\/v2\/posts\/597537","targetHints":{"allow":["GET"]}}],"collection":[{"href":"https:\/\/www.europesays.com\/fr\/wp-json\/wp\/v2\/posts"}],"about":[{"href":"https:\/\/www.europesays.com\/fr\/wp-json\/wp\/v2\/types\/post"}],"author":[{"embeddable":true,"href":"https:\/\/www.europesays.com\/fr\/wp-json\/wp\/v2\/users\/2"}],"replies":[{"embeddable":true,"href":"https:\/\/www.europesays.com\/fr\/wp-json\/wp\/v2\/comments?post=597537"}],"version-history":[{"count":0,"href":"https:\/\/www.europesays.com\/fr\/wp-json\/wp\/v2\/posts\/597537\/revisions"}],"wp:featuredmedia":[{"embeddable":true,"href":"https:\/\/www.europesays.com\/fr\/wp-json\/wp\/v2\/media\/597538"}],"wp:attachment":[{"href":"https:\/\/www.europesays.com\/fr\/wp-json\/wp\/v2\/media?parent=597537"}],"wp:term":[{"taxonomy":"category","embeddable":true,"href":"https:\/\/www.europesays.com\/fr\/wp-json\/wp\/v2\/categories?post=597537"},{"taxonomy":"post_tag","embeddable":true,"href":"https:\/\/www.europesays.com\/fr\/wp-json\/wp\/v2\/tags?post=597537"}],"curies":[{"name":"wp","href":"https:\/\/api.w.org\/{rel}","templated":true}]}}