{"id":597541,"date":"2025-12-13T22:45:30","date_gmt":"2025-12-13T22:45:30","guid":{"rendered":"https:\/\/www.europesays.com\/fr\/597541\/"},"modified":"2025-12-13T22:45:30","modified_gmt":"2025-12-13T22:45:30","slug":"nouvelle-deroute-des-remparts-de-tours-a-domicile-contre-lyon","status":"publish","type":"post","link":"https:\/\/www.europesays.com\/fr\/597541\/","title":{"rendered":"nouvelle d\u00e9route des Remparts de Tours \u00e0 domicile, contre Lyon"},"content":{"rendered":"<p><strong>Tours\u00a0&#8211; Lyon\u00a0: 2-6<\/strong><\/p>\n<p>Les Remparts de Tours ont rarement d\u00e9\u00e7u leurs supporteurs deux fois de suite\u2026 Mais cette fois, si. Une semaine apr\u00e8s leur <a target=\"_self\" href=\"https:\/\/www.lanouvellerepublique.fr\/tours\/division-1-les-remparts-de-tours-ont-vecu-une-soiree-cauchemar-face-a-des-pingouins-affames-1765062191\" rel=\"noopener\">non-match contre Morzine-Avoriaz (3-7)<\/a>, ils ont de nouveau lourdement chut\u00e9 ce samedi 13\u00a0d\u00e9cembre 2025, face \u00e0 Lyon (2-6). La d\u00e9route est intervenue cette fois dans le second tiers-temps, o\u00f9 les hommes de St\u00e9phane Gros ont encaiss\u00e9\u2026 six buts\u00a0!<\/p>\n<p>Pourtant relanc\u00e9s par leur <a target=\"_self\" href=\"https:\/\/www.lanouvellerepublique.fr\/tours\/division-1-les-remparts-de-tours-se-relancent-en-pliant-epinal-1765322027\" rel=\"noopener\">joli succ\u00e8s acquis \u00e0 \u00c9pinal (4-7) mardi<\/a>, les Tourangeaux ont bien d\u00e9marr\u00e9 et domin\u00e9 le premier tiers-temps. Ils multipliaient les occasions mais Wilder, le nouveau gardien am\u00e9ricain des Lions, ne laissait rien passer. Malgr\u00e9 deux power-plays, Tours ne faisait pas sauter le verrou, puis devait d\u00e9fendre \u00e0 son tour dans les cinq derni\u00e8res minutes, marqu\u00e9es par le r\u00e9veil des adversaires.<\/p>\n<p>Six buts encaiss\u00e9s de la 22e\u00a0\u00e0 la 37e\u00a0minute<\/p>\n<p>Un r\u00e9veil qui se poursuivait donc dans le deuxi\u00e8me acte, alors que les Remparts, eux, subissaient encore un \u00e9trange et \u00e9norme trou d\u2019air. Ils laissaient bien trop d\u2019espace aux Lyonnais et encaissaient six buts en moins d\u2019un quart d\u2019heure, alors que seul Vincent Milot-Ouellet trouvait les filets adverses, au rebond d\u2019un tir de Fr\u00e9con (1-2, 27&rsquo;34). M\u00eame le temps-mort et le changement de gardien, \u00e0 1-5, n&rsquo;ont pas stopp\u00e9 la d\u00e9bandade tourangelle.<\/p>\n<p>Le match \u00e9tait pli\u00e9 et la troisi\u00e8me p\u00e9riode ne changeait rien. Elle paraissait m\u00eame bien longue \u00e0 regarder, m\u00eame si \u00c9lie Raibon adoucissait un peu la note finale sur power-play (2-6, 57&rsquo;34).<\/p>\n<p>Avant les f\u00eates de fin d\u2019ann\u00e9e, un dernier match attend les Remparts pour finir 2025, \u00e0 Nantes, samedi 20\u00a0d\u00e9cembre. Un rendez-vous \u00e0 ne pas rater pour \u00e9viter une tr\u00eave bien morose\u2026<\/p>\n<p><strong>Tiers-temps\u00a0: <\/strong>0-0, 1-6, 1-0.<br \/><strong>Arbitres\u00a0: <\/strong>MM. Thi\u00e9bault, Gasnier, Intsaby et Bonneau.<strong><br \/><strong>&gt;\u00a02e\u00a0tiers\u00a0: 0-1 (21&rsquo;44)\u00a0: <\/strong>Fondadouze (assist\u00e9 d\u2019Andreacchi et Carrichon)\u00a0; <strong>0-2 (26&rsquo;14)\u00a0:<\/strong> Valier (assist\u00e9 de Chautant)\u00a0; <strong>1-2 (27&rsquo;34)\u00a0:<\/strong> Milot-Ouellet (assist\u00e9 de Fr\u00e9con et Jacquier)\u00a0;<strong> 1-3 (31&rsquo;39)\u00a0:<\/strong> Dudkin (assist\u00e9 de Leroux et Tomko)\u00a0; <strong>1-4 (32&rsquo;40)\u00a0:<\/strong> Fondadouze\u00a0; <strong>1-5 (33&rsquo;35)\u00a0:<\/strong> Tomko (assist\u00e9 de Dudkin)\u00a0; <strong>1-6 (36&rsquo;17)\u00a0:<\/strong> Andreacchi (en sup\u00e9riorit\u00e9 num\u00e9rique, assist\u00e9 de Valier et Baravaglio).<br \/><strong>&gt;\u00a03e\u00a0tiers\u00a0: 2-6 (57&rsquo;34)\u00a0: <\/strong>E.\u00a0Raibon (en sup\u00e9riorit\u00e9 num\u00e9rique, assist\u00e9 de Milot-Ouellet et Shroyer)<br \/><strong>P\u00e9nalit\u00e9s\u00a0: <\/strong>24 minutes \u00e0 Tours\u00a0; 14 minutes \u00e0 Lyon.<\/strong><\/p>\n","protected":false},"excerpt":{"rendered":"Tours\u00a0&#8211; Lyon\u00a0: 2-6 Les Remparts de Tours ont rarement d\u00e9\u00e7u leurs supporteurs deux fois de suite\u2026 Mais cette&hellip;\n","protected":false},"author":2,"featured_media":597542,"comment_status":"","ping_status":"","sticky":false,"template":"","format":"standard","meta":{"footnotes":""},"categories":[1889],"tags":[1392,1111,11,2430,1777,674,1011,27,4133,1387,2428,12,51935,25,60,1390],"class_list":{"0":"post-597541","1":"post","2":"type-post","3":"status-publish","4":"format-standard","5":"has-post-thumbnail","7":"category-lyon","8":"tag-a-la-une-local","9":"tag-actu","10":"tag-actualites","11":"tag-auvergne-rhone-alpes","12":"tag-eu","13":"tag-europe","14":"tag-fr","15":"tag-france","16":"tag-hockey-sur-glace","17":"tag-indre-et-loire","18":"tag-lyon","19":"tag-news","20":"tag-remparts-de-tours","21":"tag-republique-francaise","22":"tag-sports","23":"tag-tours"},"share_on_mastodon":{"url":"https:\/\/pubeurope.com\/@fr\/115714688490980139","error":""},"_links":{"self":[{"href":"https:\/\/www.europesays.com\/fr\/wp-json\/wp\/v2\/posts\/597541","targetHints":{"allow":["GET"]}}],"collection":[{"href":"https:\/\/www.europesays.com\/fr\/wp-json\/wp\/v2\/posts"}],"about":[{"href":"https:\/\/www.europesays.com\/fr\/wp-json\/wp\/v2\/types\/post"}],"author":[{"embeddable":true,"href":"https:\/\/www.europesays.com\/fr\/wp-json\/wp\/v2\/users\/2"}],"replies":[{"embeddable":true,"href":"https:\/\/www.europesays.com\/fr\/wp-json\/wp\/v2\/comments?post=597541"}],"version-history":[{"count":0,"href":"https:\/\/www.europesays.com\/fr\/wp-json\/wp\/v2\/posts\/597541\/revisions"}],"wp:featuredmedia":[{"embeddable":true,"href":"https:\/\/www.europesays.com\/fr\/wp-json\/wp\/v2\/media\/597542"}],"wp:attachment":[{"href":"https:\/\/www.europesays.com\/fr\/wp-json\/wp\/v2\/media?parent=597541"}],"wp:term":[{"taxonomy":"category","embeddable":true,"href":"https:\/\/www.europesays.com\/fr\/wp-json\/wp\/v2\/categories?post=597541"},{"taxonomy":"post_tag","embeddable":true,"href":"https:\/\/www.europesays.com\/fr\/wp-json\/wp\/v2\/tags?post=597541"}],"curies":[{"name":"wp","href":"https:\/\/api.w.org\/{rel}","templated":true}]}}