{"id":597543,"date":"2025-12-13T22:48:13","date_gmt":"2025-12-13T22:48:13","guid":{"rendered":"https:\/\/www.europesays.com\/fr\/597543\/"},"modified":"2025-12-13T22:48:13","modified_gmt":"2025-12-13T22:48:13","slug":"opinion-la-droite-nest-pas-a-vendre-par-valerie-pecresse-presidente-de-la-region-ile-de-france-et-ancienne-candidate-lr-a-la-presidentielle","status":"publish","type":"post","link":"https:\/\/www.europesays.com\/fr\/597543\/","title":{"rendered":"OPINION. \u00ab\u202fLa droite n\u2019est pas \u00e0 vendre\u202f\u00bb, \u200b\u200bpar Val\u00e9rie P\u00e9cresse, pr\u00e9sidente de la R\u00e9gion \u00cele-de-France et ancienne candidate LR \u00e0 la pr\u00e9sidentielle"},"content":{"rendered":"<p>La France est \u00e0 un tournant d\u00e9cisif. <a href=\"https:\/\/www.google.com\/url?client=internal-element-cse&amp;cx=7224492ce357c42ad&amp;q=https:\/\/www.latribune.fr\/article\/la-tribune-dimanche\/municipales\/10254342762073\/sondage-exclusif-la-securite-premier-sujet-de-preoccupation-des-francais-pour-les-municipales&amp;sa=U&amp;ved=2ahUKEwij3IvJn7uRAxWvYEEAHZvgHyUQFnoECAoQAg&amp;usg=AOvVaw2pim9_LPH3zrq9M2CniZFg&amp;fexp=73217441,73217442\" target=\"_blank\" rel=\"noopener\">Ins\u00e9curit\u00e9<\/a> croissante, immigration incontr\u00f4l\u00e9e, la\u00efcit\u00e9 attaqu\u00e9e, dette abyssale, industrie fragilis\u00e9e, pouvoir d\u2019achat en berne, services publics en panne\u2009: les d\u00e9fis s\u2019accumulent.\u00a0Face \u00e0 ce constat alarmant, la droite r\u00e9publicaine doit se reprendre et passer \u00e0 l\u2019offensive. Malgr\u00e9 les avanies qu\u2019elle a subies, elle est la seule force politique capable de proposer une alternative solide, m\u00ealant ordre et libert\u00e9. Ni la gauche socialiste, englu\u00e9e dans ses contradictions, ni les h\u00e9ritiers d\u2019Emmanuel Macron, prisonniers de leur bilan, ne peuvent pr\u00e9tendre incarner le redressement de la France.<\/p>\n<p>Voil\u00e0 pourquoi deux adversaires, r\u00eavant de se partager le monopole du second tour de la pr\u00e9sidentielle, ont fait de notre \u00e9limination leur priorit\u00e9\u2009: <a href=\"https:\/\/www.google.com\/url?client=internal-element-cse&amp;cx=7224492ce357c42ad&amp;q=https:\/\/www.latribune.fr\/economie\/politique\/les-insoumis-des-insoumis-dans-les-coulisses-d-une-fronde-987253.html&amp;sa=U&amp;ved=2ahUKEwjjk4H0n7uRAxWyWaQEHb5FOcoQFnoECAQQAg&amp;usg=AOvVaw2Nv4NUwKiAfPeID-ujarPC&amp;fexp=73217441,73217442\" target=\"_blank\" rel=\"noopener\">La France insoumise<\/a> et le <a href=\"https:\/\/www.google.com\/url?client=internal-element-cse&amp;cx=7224492ce357c42ad&amp;q=https:\/\/www.latribune.fr\/article\/la-tribune-dimanche\/opinions\/12428810351329\/opinion-l-accession-du-rn-au-pouvoir-serait-un-desastre-pour-la-france-par-matthieu-pigasse&amp;sa=U&amp;ved=2ahUKEwijhqWXoLuRAxXLUaQEHaxOMNUQFnoECAIQAg&amp;usg=AOvVaw28Yox3WE4uITL_fk8NSxXt&amp;fexp=73217441,73217442\" target=\"_blank\" rel=\"noopener\">Rassemblement national<\/a>. Pour eux, nous sommes l\u2019obstacle \u00e0 d\u00e9manteler, l\u2019alternative cr\u00e9dible qui pourrait emp\u00eacher leur duel de se concr\u00e9tiser. Tout doit \u00eatre fait pour casser ce sc\u00e9nario d\u2019un combat final entre les deux faces d\u2019une m\u00eame impasse.\u00a0<\/p>\n<p>LFI promet la r\u00e9volution permanente et le chaos budg\u00e9taire. Ses leaders surfent sur l\u2019antis\u00e9mitisme et se compromettent avec <a href=\"https:\/\/www.google.com\/url?client=internal-element-cse&amp;cx=7224492ce357c42ad&amp;q=https:\/\/www.latribune.fr\/article\/la-tribune-dimanche\/politique\/95149302380549\/accuse-de-complaisance-avec-l-islamisme-jean-luc-melenchon-berce-l-assemblee&amp;sa=U&amp;ved=2ahUKEwjSnMPCoLuRAxXWAfsDHdNwOhMQFnoECAMQAg&amp;usg=AOvVaw0zgToxDD07rddivO7iXhmr&amp;fexp=73217441,73217442\" target=\"_blank\" rel=\"noopener\">l\u2019islamisme politique<\/a>. Son communautarisme ach\u00e8vera de fracturer la R\u00e9publique en multipliant les droits diff\u00e9renci\u00e9s et les revendications identitaires. Son programme \u00e9conomique est simple\u2009: la chasse aux \u00ab\u202friches\u202f\u00bb, la jalousie \u00e9rig\u00e9e en syst\u00e8me, la d\u00e9pense publique illimit\u00e9e. LFI, c\u2019est la France divis\u00e9e et ruin\u00e9e.<\/p>\n<p>Le RN, quant \u00e0 lui, se drape dans les habits du sauveur. Mais derri\u00e8re cette fa\u00e7ade, que trouve-t-on\u2009? Un programme \u00e9conomique calqu\u00e9 sur celui de l\u2019extr\u00eame gauche, fait de taxations \u00e0 tout-va et d\u2019irresponsabilit\u00e9 budg\u00e9taire. Lors du dernier <a href=\"https:\/\/www.google.com\/url?client=internal-element-cse&amp;cx=7224492ce357c42ad&amp;q=https:\/\/www.latribune.fr\/article\/la-tribune-dimanche\/politique\/111544921954714\/plfss-la-valse-des-milliards-de-la-secu&amp;sa=U&amp;ved=2ahUKEwjzyaDWoLuRAxW7RKQEHZqnJQAQFnoECAgQAg&amp;usg=AOvVaw3gBdawn2d0Aad7-svBat1e&amp;fexp=73217441,73217442\" target=\"_blank\" rel=\"noopener\">PLFSS<\/a>, il a encore sacrifi\u00e9 l\u2019avenir de nos retraites pour mieux servir un client\u00e9lisme \u00e9lectoral de court terme. Des pirouettes incessantes sur l\u2019Europe. Une fascination trouble pour Poutine et Trump. Le RN est devenu le nouveau champion du \u00ab\u202fen m\u00eame temps\u202f\u00bb, multipliant les zigzags id\u00e9ologiques. Apr\u00e8s une d\u00e9cennie de navigation \u00e0 vue, la France a besoin d\u2019un cap et d\u2019une boussole, pas d\u2019une girouette qui la conduirait au naufrage.<\/p>\n<p>S\u2019allier au RN, c\u2019est s\u2019effacer.<\/p>\n<p>&#13;<\/p>\n<p>Certains, pourtant, caressent l\u2019id\u00e9e d\u2019une\u202falliance avec le Rassemblement national. Au-del\u00e0 des calculs \u00e9lectoraux simplistes, ils croient pouvoir le \u00ab\u202fraisonner\u202f\u00bb, le \u00ab\u202fman\u0153uvrer\u202f\u00bb. Illusion, compromission, disparition\u2009! Il n\u2019y a rien \u00e0 attendre de ceux qui m\u00e9prisent la droite r\u00e9publicaine, ses valeurs et son histoire. S\u2019allier au RN, c\u2019est s\u2019effacer. C\u2019est devenir ses suppl\u00e9tifs, sa caution de respectabilit\u00e9. La droite n\u2019est pas \u00e0 vendre\u2009! Elle n\u2019existe pas pour servir de marchepied \u00e0 d\u2019autres. Elle doit exister pour redresser la France.<\/p>\n<p>Combattre le RN ne signifie pas combattre les Fran\u00e7ais qui votent pour lui. Ils ne sont pas des \u00ab\u202f\u00e9gar\u00e9s\u202f\u00bb de la R\u00e9publique. Leur peur face \u00e0 l\u2019ins\u00e9curit\u00e9 n\u2019est pas un fantasme. Leur inqui\u00e9tude devant une immigration incontr\u00f4l\u00e9e n\u2019est pas la r\u00e9surgence d\u2019un pass\u00e9 sombre. L\u2019angoisse du d\u00e9classement social n\u2019est pas une fiction. Ces Fran\u00e7ais ne doivent \u00eatre ni stigmatis\u00e9s par les uns ni tromp\u00e9s par les fausses promesses des autres. Ils m\u00e9ritent le respect, la v\u00e9rit\u00e9, mais surtout l\u2019action, car c\u2019est l\u2019impuissance publique qui nourrit leur vote.<\/p>\n<p>Une seule alliance a du sens aujourd\u2019hui\u2009: celle qui r\u00e9unira notre famille politique \u00e9clat\u00e9e. Anciens de l\u2019UMP, gaullistes, centristes, membres d\u2019<a href=\"https:\/\/www.google.com\/url?client=internal-element-cse&amp;cx=7224492ce357c42ad&amp;q=https:\/\/www.latribune.fr\/economie\/politique\/les-nouveaux-horizons-du-parti-d-edouard-philippe-990204.html&amp;sa=U&amp;ved=2ahUKEwi6zOL6oLuRAxWeQ6QEHUriG5MQFnoECAEQAg&amp;usg=AOvVaw1n5xky03DdCiPYw-B5_ebd&amp;fexp=73217441,73217442\" target=\"_blank\" rel=\"noopener\">Horizons<\/a>, d\u00e9\u00e7us du macronisme\u2009: halte \u00e0 l\u2019\u00e9parpillement et \u00e0 la surench\u00e8re des candidatures\u2009! Si nous partons en ordre dispers\u00e9 \u00e0 la prochaine pr\u00e9sidentielle, nous ne franchirons pas \u00e0 nouveau le premier tour. La division, c\u2019est la mort annonc\u00e9e. C\u2019est maintenant, sans attendre, qu\u2019il faut construire ensemble un projet f\u00e9d\u00e9rateur et puissant, capable de parler \u00e0 tous les Fran\u00e7ais.\u00a0<\/p>\n","protected":false},"excerpt":{"rendered":"La France est \u00e0 un tournant d\u00e9cisif. Ins\u00e9curit\u00e9 croissante, immigration incontr\u00f4l\u00e9e, la\u00efcit\u00e9 attaqu\u00e9e, dette abyssale, industrie fragilis\u00e9e, pouvoir&hellip;\n","protected":false},"author":2,"featured_media":597544,"comment_status":"","ping_status":"","sticky":false,"template":"","format":"standard","meta":{"footnotes":""},"categories":[1592],"tags":[17,1111,11,8108,5108,1777,674,1011,27,662,4743,3102,3228,5201,12,4536,5912,626,23287,19924,3766,16,25,22102,9813],"class_list":{"0":"post-597543","1":"post","2":"type-post","3":"status-publish","4":"format-standard","5":"has-post-thumbnail","7":"category-ile-de-france","8":"tag-17","9":"tag-actu","10":"tag-actualites","11":"tag-ancienne","12":"tag-candidate","13":"tag-eu","14":"tag-europe","15":"tag-fr","16":"tag-france","17":"tag-ile-de-france","18":"tag-la","19":"tag-la-tribune-dimanche","20":"tag-lr","21":"tag-nest","22":"tag-news","23":"tag-opinion","24":"tag-par","25":"tag-paris","26":"tag-pecresse","27":"tag-presidente","28":"tag-presidentielle","29":"tag-region","30":"tag-republique-francaise","31":"tag-valerie","32":"tag-vendre"},"share_on_mastodon":{"url":"https:\/\/pubeurope.com\/@fr\/115714700442411988","error":""},"_links":{"self":[{"href":"https:\/\/www.europesays.com\/fr\/wp-json\/wp\/v2\/posts\/597543","targetHints":{"allow":["GET"]}}],"collection":[{"href":"https:\/\/www.europesays.com\/fr\/wp-json\/wp\/v2\/posts"}],"about":[{"href":"https:\/\/www.europesays.com\/fr\/wp-json\/wp\/v2\/types\/post"}],"author":[{"embeddable":true,"href":"https:\/\/www.europesays.com\/fr\/wp-json\/wp\/v2\/users\/2"}],"replies":[{"embeddable":true,"href":"https:\/\/www.europesays.com\/fr\/wp-json\/wp\/v2\/comments?post=597543"}],"version-history":[{"count":0,"href":"https:\/\/www.europesays.com\/fr\/wp-json\/wp\/v2\/posts\/597543\/revisions"}],"wp:featuredmedia":[{"embeddable":true,"href":"https:\/\/www.europesays.com\/fr\/wp-json\/wp\/v2\/media\/597544"}],"wp:attachment":[{"href":"https:\/\/www.europesays.com\/fr\/wp-json\/wp\/v2\/media?parent=597543"}],"wp:term":[{"taxonomy":"category","embeddable":true,"href":"https:\/\/www.europesays.com\/fr\/wp-json\/wp\/v2\/categories?post=597543"},{"taxonomy":"post_tag","embeddable":true,"href":"https:\/\/www.europesays.com\/fr\/wp-json\/wp\/v2\/tags?post=597543"}],"curies":[{"name":"wp","href":"https:\/\/api.w.org\/{rel}","templated":true}]}}