{"id":597547,"date":"2025-12-13T22:50:22","date_gmt":"2025-12-13T22:50:22","guid":{"rendered":"https:\/\/www.europesays.com\/fr\/597547\/"},"modified":"2025-12-13T22:50:22","modified_gmt":"2025-12-13T22:50:22","slug":"inauguration-a-paris-dune-passerelle-jane-birkin","status":"publish","type":"post","link":"https:\/\/www.europesays.com\/fr\/597547\/","title":{"rendered":"Inauguration \u00e0 Paris d&rsquo;une passerelle Jane Birkin"},"content":{"rendered":"<p class=\"mb-4 text-lg md:leading-8 break-words\">Une passerelle Jane Birkin a \u00e9t\u00e9 inaugur\u00e9e samedi \u00e0 Paris en hommage \u00e0 la chanteuse et com\u00e9dienne franco-britannique d\u00e9c\u00e9d\u00e9e en 2023, en pr\u00e9sence de ses filles Charlotte Gainsbourg et Lou Doillon, a constat\u00e9 l&rsquo;AFP.<\/p>\n<p class=\"mb-4 text-lg md:leading-8 break-words\">\u00ab\u00a0La passerelle Jane Birkin, c&rsquo;est po\u00e9tique, elle aurait tellement aim\u00e9\u00a0\u00bb, a d\u00e9clar\u00e9, la voix \u00e9touff\u00e9e par les sanglots, Charlotte Gainsbourg,\u00a0devant ce pont qui enjambe le canal Saint-Martin, dans le 10e arrondissement de Paris, et porte d\u00e9sormais le nom de sa m\u00e8re.<\/p>\n<p class=\"mb-4 text-lg md:leading-8 break-words\">\u00ab\u00a0\u00c7a pourrait \u00eatre le pont qui la reliait \u00e0 l&rsquo;Angleterre et qui la faisait revenir dare-dare en France, son pays d&rsquo;adoption\u00a0\u00bb, a-t-elle poursuivi devant une centaine de personnes, imaginant d\u00e9j\u00e0 des Parisiens s&rsquo;y donner rendez-vous pour \u00ab\u00a0fl\u00e2ner\u00a0\u00bb.<\/p>\n<p class=\"mb-4 text-lg md:leading-8 break-words\">\u00ab\u00a0On dira au taxi +la passerelle Jane Birkin, s&rsquo;il vous pla\u00eet+\u00a0\u00bb, a lanc\u00e9 la com\u00e9dienne et chanteuse. \u00ab\u00a0Se donner rendez-vous, et flirter et s&#8217;embrasser, s&#8217;embrasser sur la passerelle Jane Birkin\u00a0\u00bb.<\/p>\n<p class=\"mb-4 text-lg md:leading-8 break-words\">Aux c\u00f4t\u00e9s de Lou Doillon et du petit-fils de Jane Birkin, Roman de Kermadec, Charlotte Gainsbourg a ensuite d\u00e9voil\u00e9 la plaque qui surplombe les premi\u00e8res marches du pont et sur laquelle on peut lire: \u00ab\u00a0Passerelle Jane Birkin (1946-2023) chanteuse, com\u00e9dienne, r\u00e9alisatrice\u00a0\u00bb.<\/p>\n<p class=\"mb-4 text-lg md:leading-8 break-words\">\u00ab\u00a0Mon fils me demandait ce matin si ma m\u00e8re \u00e9tait encore morte. Alors je lui ai dit +oui, mais aujourd&rsquo;hui, elle devient un pont+. Et c&rsquo;est g\u00e9nial de pouvoir dire \u00e7a\u00a0\u00bb, a plaisant\u00e9 Lou Doillon, selon qui \u00ab\u00a0il manquait un lieu\u00a0\u00bb. \u00ab\u00a0La tranquillit\u00e9, le silence et la r\u00e9v\u00e9rence du cimeti\u00e8re ne lui allait d\u00e9cid\u00e9ment pas\u00a0\u00bb, a-t-elle poursuivi.<\/p>\n<p class=\"mb-4 text-lg md:leading-8 break-words\">Jane Birkin, qui a tourn\u00e9 pour Michelangelo Antonioni, Jean-Luc Godard ou James Ivory, rejoint ainsi huit autres com\u00e9diennes (Arletty, Mich\u00e8le Morgan, Maria Schneider&#8230;) qui ont donn\u00e9 leurs noms aux passerelles au-dessus du canal Saint-Martin.<\/p>\n<p class=\"mb-4 text-lg md:leading-8 break-words\">\u00ab\u00a0Une petite constellation de femmes libres, d&rsquo;artistes singuli\u00e8res\u00a0\u00bb, a comment\u00e9 Alexandra Cordebard, la maire socialiste du Xe arrondissement, \u00e0 l&rsquo;origine de cette initiative. Jane Birkin \u00ab\u00a0r\u00e9sonnera ici avec \u00e9vidence au milieu de toutes ces personnalit\u00e9s\u00a0\u00bb, a-t-elle d\u00e9clar\u00e9 lors de la c\u00e9r\u00e9monie.<\/p>\n<p class=\"mb-4 text-lg md:leading-8 break-words\">jt\/jlo\/apz\/<\/p>\n","protected":false},"excerpt":{"rendered":"Une passerelle Jane Birkin a \u00e9t\u00e9 inaugur\u00e9e samedi \u00e0 Paris en hommage \u00e0 la chanteuse et com\u00e9dienne franco-britannique&hellip;\n","protected":false},"author":2,"featured_media":597548,"comment_status":"","ping_status":"","sticky":false,"template":"","format":"standard","meta":{"footnotes":""},"categories":[1888],"tags":[46427,1111,1928,11,1927,71026,10498,1777,674,1011,27,38150,60727,12,1926,626,1925,25],"class_list":{"0":"post-597547","1":"post","2":"type-post","3":"status-publish","4":"format-standard","5":"has-post-thumbnail","7":"category-paris","8":"tag-10e-arrondissement-de-paris","9":"tag-actu","10":"tag-actu-paris","11":"tag-actualites","12":"tag-actualites-paris","13":"tag-canal-saint-martin","14":"tag-charlotte-gainsbourg","15":"tag-eu","16":"tag-europe","17":"tag-fr","18":"tag-france","19":"tag-jane-birkin","20":"tag-lou-doillon","21":"tag-news","22":"tag-news-paris","23":"tag-paris","24":"tag-paris-news","25":"tag-republique-francaise"},"share_on_mastodon":{"url":"https:\/\/pubeurope.com\/@fr\/115714708294655305","error":""},"_links":{"self":[{"href":"https:\/\/www.europesays.com\/fr\/wp-json\/wp\/v2\/posts\/597547","targetHints":{"allow":["GET"]}}],"collection":[{"href":"https:\/\/www.europesays.com\/fr\/wp-json\/wp\/v2\/posts"}],"about":[{"href":"https:\/\/www.europesays.com\/fr\/wp-json\/wp\/v2\/types\/post"}],"author":[{"embeddable":true,"href":"https:\/\/www.europesays.com\/fr\/wp-json\/wp\/v2\/users\/2"}],"replies":[{"embeddable":true,"href":"https:\/\/www.europesays.com\/fr\/wp-json\/wp\/v2\/comments?post=597547"}],"version-history":[{"count":0,"href":"https:\/\/www.europesays.com\/fr\/wp-json\/wp\/v2\/posts\/597547\/revisions"}],"wp:featuredmedia":[{"embeddable":true,"href":"https:\/\/www.europesays.com\/fr\/wp-json\/wp\/v2\/media\/597548"}],"wp:attachment":[{"href":"https:\/\/www.europesays.com\/fr\/wp-json\/wp\/v2\/media?parent=597547"}],"wp:term":[{"taxonomy":"category","embeddable":true,"href":"https:\/\/www.europesays.com\/fr\/wp-json\/wp\/v2\/categories?post=597547"},{"taxonomy":"post_tag","embeddable":true,"href":"https:\/\/www.europesays.com\/fr\/wp-json\/wp\/v2\/tags?post=597547"}],"curies":[{"name":"wp","href":"https:\/\/api.w.org\/{rel}","templated":true}]}}