{"id":597549,"date":"2025-12-13T22:51:12","date_gmt":"2025-12-13T22:51:12","guid":{"rendered":"https:\/\/www.europesays.com\/fr\/597549\/"},"modified":"2025-12-13T22:51:12","modified_gmt":"2025-12-13T22:51:12","slug":"paris-un-adolescent-de-16-ans-braque-une-bijouterie-et-derobe-30-000-euros-de-bijoux","status":"publish","type":"post","link":"https:\/\/www.europesays.com\/fr\/597549\/","title":{"rendered":"Paris : un adolescent de 16 ans braque une bijouterie et d\u00e9robe 30 000 euros de bijoux"},"content":{"rendered":"<p class=\"p1\">Il n\u2019est pas encore 10 h 45 quand deux hommes sortent en courant d\u2019une bijouterie, rue du Commerce dans le XV\u1d49 arrondissement de <a href=\"https:\/\/www.valeursactuelles.com\/tag\/paris\" target=\"_blank\" rel=\"noopener\">Paris<\/a>, rapporte <a href=\"https:\/\/www.leparisien.fr\/faits-divers\/masque-dhalloween-et-marteau-un-ado-de-16-ans-braque-une-bijouterie-parisienne-pour-30-000-euros-13-12-2025-MHX233D3XRCGHICEEWGZTY6KH4.php\" target=\"_blank\" rel=\"nofollow noopener\">Le Parisien<\/a>. Deux braqueurs viennent de braquer le magasin Histoire d\u2019Or \u00e0 l\u2019aide d\u2019un couteau et d\u2019un marteau et dissimul\u00e9s par un masque d\u2019Halloween et un masque de ski.<\/p>\n<p><a href=\"https:\/\/www.valeursactuelles.com\/clubvaleurs\/faits-divers\/seine-et-marne-un-commando-interpelle-en-plein-braquage-dune-bijouterie-cleor-a-pontault-combault\" class=\"h-flex h-align-items-center h-border-tb h-ptb-15\" target=\"_blank\" rel=\"noopener\">A\u00a0LIRE\u00a0Seine-et-Marne : Un commando interpell\u00e9 en plein braquage d\u2019une bijouterie Cl\u00e9or \u00e0 Pontault-Combault<\/a><\/p>\n<p class=\"p1\">\u00c0 l\u2019int\u00e9rieur, ils menacent les employ\u00e9s pr\u00e9sents et raflent un maximum de butin \u00e0 hauteur de 30 000 euros avant de prendre la fuite. En sortant de la bijouterie, les policiers les attendent. Un des deux braqueurs se r\u00e9fugie alors dans un commerce d\u2019alimentation g\u00e9n\u00e9rale.<\/p>\n<p>Enqu\u00eate pour vol \u00e0 main arm\u00e9e<\/p>\n<p class=\"p1\">C\u2019est dans cette boutique que les fonctionnaires l\u2019interpellent sans difficult\u00e9 \u00e0 10 h 55. Le suspect avait sur lui un sac rempli de bijoux et il \u00e9tait \u00e9galement en possession d\u2019un marteau. Le deuxi\u00e8me homme n\u2019a, pour l\u2019heure, pas \u00e9t\u00e9 retrouv\u00e9.<\/p>\n<p><a href=\"https:\/\/www.valeursactuelles.com\/faits-divers\/paris-braquage-dans-une-bijouterie-les-suspects-armes-en-fuite\" class=\"h-flex h-align-items-center h-border-tb h-ptb-15\" target=\"_blank\" rel=\"noopener\">A\u00a0LIRE\u00a0Paris : braquage dans une bijouterie, les suspects arm\u00e9s en fuite<\/a><\/p>\n<p class=\"p1\">Une enqu\u00eate pour vol \u00e0 main arm\u00e9e a \u00e9t\u00e9 ouverte par le parquet de Paris. Les investigations ont \u00e9t\u00e9 confi\u00e9es au deuxi\u00e8me district de police judiciaire. Le pr\u00e9judice de ce braquage est, pour l\u2019instant, \u00e9valu\u00e9 \u00e0 environ 30\u00a0000\u00a0euros.<\/p>\n<p class=\"p1\">Avec la hausse spectaculaire de la\u00a0valeur de l\u2019or depuis le d\u00e9but de l\u2019ann\u00e9e, <a href=\"https:\/\/www.valeursactuelles.com\/tag\/bijouterie\" target=\"_blank\" rel=\"noopener\">les bijouteries<\/a> deviennent \u00e0 nouveau des cibles de choix pour les braqueurs.<\/p>\n","protected":false},"excerpt":{"rendered":"Il n\u2019est pas encore 10 h 45 quand deux hommes sortent en courant d\u2019une bijouterie, rue du Commerce&hellip;\n","protected":false},"author":2,"featured_media":597550,"comment_status":"","ping_status":"","sticky":false,"template":"","format":"standard","meta":{"footnotes":""},"categories":[1888],"tags":[50471,11,34799,6941,1777,674,1011,27,12,626,1072,25,1175],"class_list":{"0":"post-597549","1":"post","2":"type-post","3":"status-publish","4":"format-standard","5":"has-post-thumbnail","7":"category-paris","8":"tag-15e-arrondissement","9":"tag-actualites","10":"tag-bijouterie","11":"tag-braquage","12":"tag-eu","13":"tag-europe","14":"tag-fr","15":"tag-france","16":"tag-news","17":"tag-paris","18":"tag-police","19":"tag-republique-francaise","20":"tag-vol"},"share_on_mastodon":{"url":"https:\/\/pubeurope.com\/@fr\/115714712239833679","error":""},"_links":{"self":[{"href":"https:\/\/www.europesays.com\/fr\/wp-json\/wp\/v2\/posts\/597549","targetHints":{"allow":["GET"]}}],"collection":[{"href":"https:\/\/www.europesays.com\/fr\/wp-json\/wp\/v2\/posts"}],"about":[{"href":"https:\/\/www.europesays.com\/fr\/wp-json\/wp\/v2\/types\/post"}],"author":[{"embeddable":true,"href":"https:\/\/www.europesays.com\/fr\/wp-json\/wp\/v2\/users\/2"}],"replies":[{"embeddable":true,"href":"https:\/\/www.europesays.com\/fr\/wp-json\/wp\/v2\/comments?post=597549"}],"version-history":[{"count":0,"href":"https:\/\/www.europesays.com\/fr\/wp-json\/wp\/v2\/posts\/597549\/revisions"}],"wp:featuredmedia":[{"embeddable":true,"href":"https:\/\/www.europesays.com\/fr\/wp-json\/wp\/v2\/media\/597550"}],"wp:attachment":[{"href":"https:\/\/www.europesays.com\/fr\/wp-json\/wp\/v2\/media?parent=597549"}],"wp:term":[{"taxonomy":"category","embeddable":true,"href":"https:\/\/www.europesays.com\/fr\/wp-json\/wp\/v2\/categories?post=597549"},{"taxonomy":"post_tag","embeddable":true,"href":"https:\/\/www.europesays.com\/fr\/wp-json\/wp\/v2\/tags?post=597549"}],"curies":[{"name":"wp","href":"https:\/\/api.w.org\/{rel}","templated":true}]}}