{"id":597561,"date":"2025-12-13T22:57:23","date_gmt":"2025-12-13T22:57:23","guid":{"rendered":"https:\/\/www.europesays.com\/fr\/597561\/"},"modified":"2025-12-13T22:57:23","modified_gmt":"2025-12-13T22:57:23","slug":"algerie-de-nouveaux-partenariats-industriels-et-numeriques-avec-lallemagne","status":"publish","type":"post","link":"https:\/\/www.europesays.com\/fr\/597561\/","title":{"rendered":"Alg\u00e9rie : de nouveaux partenariats industriels et num\u00e9riques avec l\u2019Allemagne"},"content":{"rendered":"<p><img loading=\"lazy\" data-lazyloaded=\"1\" width=\"780\" height=\"470\" src=\"https:\/\/www.europesays.com\/fr\/wp-content\/uploads\/2025\/12\/image-58-780x470.png\" class=\"attachment-jannah-image-post size-jannah-image-post wp-post-image\" alt=\"\" data-main-img=\"1\" decoding=\"async\"\/><br \/>\n @German-Algerian Investment Summit in Algiers<\/p>\n<p>Le 11 d\u00e9cembre 2025, l\u2019Alg\u00e9rie et l\u2019Allemagne ont franchi une nouvelle \u00e9tape dans leur coop\u00e9ration \u00e9conomique lors du premier Sommet de l\u2019Investissement Germano-Alg\u00e9rien \u00e0 Alger. Plusieurs accords et projets d\u2019investissement ont \u00e9t\u00e9 sign\u00e9s dans l\u2019industrie, le num\u00e9rique et la formation universitaire. KSB investit dans la production locale de pompes et vannes, Reichhart Logistic soutient l\u2019industrie automobile, Weiss Chemie + Technik produit colles et adh\u00e9sifs, et Siemens et iNET cr\u00e9ent des data centers. Bayer accompagne la formation agricole et pharmaceutique. Ces initiatives visent \u00e0 renforcer l\u2019innovation industrielle, la comp\u00e9titivit\u00e9 r\u00e9gionale et la diversification \u00e9conomique de l\u2019Alg\u00e9rie.<\/p>\n","protected":false},"excerpt":{"rendered":"@German-Algerian Investment Summit in Algiers Le 11 d\u00e9cembre 2025, l\u2019Alg\u00e9rie et l\u2019Allemagne ont franchi une nouvelle \u00e9tape dans&hellip;\n","protected":false},"author":2,"featured_media":597562,"comment_status":"","ping_status":"","sticky":false,"template":"","format":"standard","meta":{"footnotes":""},"categories":[1587],"tags":[11,672,1804,1805,1803,1777,674,1801,12,1802],"class_list":{"0":"post-597561","1":"post","2":"type-post","3":"status-publish","4":"format-standard","5":"has-post-thumbnail","7":"category-allemagne","8":"tag-actualites","9":"tag-allemagne","10":"tag-bundesrepublik-deutschland","11":"tag-de","12":"tag-deutschland","13":"tag-eu","14":"tag-europe","15":"tag-germany","16":"tag-news","17":"tag-republique-federale-dallemagne"},"share_on_mastodon":{"url":"https:\/\/pubeurope.com\/@fr\/115714736748631810","error":""},"_links":{"self":[{"href":"https:\/\/www.europesays.com\/fr\/wp-json\/wp\/v2\/posts\/597561","targetHints":{"allow":["GET"]}}],"collection":[{"href":"https:\/\/www.europesays.com\/fr\/wp-json\/wp\/v2\/posts"}],"about":[{"href":"https:\/\/www.europesays.com\/fr\/wp-json\/wp\/v2\/types\/post"}],"author":[{"embeddable":true,"href":"https:\/\/www.europesays.com\/fr\/wp-json\/wp\/v2\/users\/2"}],"replies":[{"embeddable":true,"href":"https:\/\/www.europesays.com\/fr\/wp-json\/wp\/v2\/comments?post=597561"}],"version-history":[{"count":0,"href":"https:\/\/www.europesays.com\/fr\/wp-json\/wp\/v2\/posts\/597561\/revisions"}],"wp:featuredmedia":[{"embeddable":true,"href":"https:\/\/www.europesays.com\/fr\/wp-json\/wp\/v2\/media\/597562"}],"wp:attachment":[{"href":"https:\/\/www.europesays.com\/fr\/wp-json\/wp\/v2\/media?parent=597561"}],"wp:term":[{"taxonomy":"category","embeddable":true,"href":"https:\/\/www.europesays.com\/fr\/wp-json\/wp\/v2\/categories?post=597561"},{"taxonomy":"post_tag","embeddable":true,"href":"https:\/\/www.europesays.com\/fr\/wp-json\/wp\/v2\/tags?post=597561"}],"curies":[{"name":"wp","href":"https:\/\/api.w.org\/{rel}","templated":true}]}}