{"id":597579,"date":"2025-12-13T23:10:16","date_gmt":"2025-12-13T23:10:16","guid":{"rendered":"https:\/\/www.europesays.com\/fr\/597579\/"},"modified":"2025-12-13T23:10:16","modified_gmt":"2025-12-13T23:10:16","slug":"uae-team-emirates-xrg-le-velo-2026-directvelo","status":"publish","type":"post","link":"https:\/\/www.europesays.com\/fr\/597579\/","title":{"rendered":"UAE Team Emirates XRG : Le v\u00e9lo 2026 &#8211; DirectVelo"},"content":{"rendered":"<ol>\n<li><a href=\"https:\/\/news.google.com\/rss\/articles\/CBMihAFBVV95cUxOdC1fRnhmRFZvSXFfOGFLZHhkR3RVU251T2p2RVB0b0xFMlBoRlJwYzhrODBjV29ZQjVQY0dxLXFjVjNNZTVFNUI5VGVRVVhXS0xHanAzS2ZRRTNGMVdUSlZKRTV3c0UwekxhcDRzYS1vRDdJUmNvREduOTNJUTRqZG9pa08?oc=5\" target=\"_blank\" rel=\"noopener\">UAE Team Emirates XRG : Le v\u00e9lo 2026<\/a>&nbsp;&nbsp;DirectVelo<\/li>\n<li><a href=\"https:\/\/news.google.com\/rss\/articles\/CBMizgFBVV95cUxOMmxLZ1QzcEEzQjFFOEJLcDZRVGtCbV9tb0h1TjZMX1gzWDdpZmZHRlNGdXE1QVZycGJ2YkxvUy1YT2VscXk4TzVGdl9ZVXZqYk9PMF9ndHdYd2NzbG5zVzFObndScFpvd3Bad3ZpbzdXSi1XX1VMZkxtcGloQy12VjZMTGsyTm93UW9OZTMtVW1vZVh6cGU5LXl1VDIwcWxDT041aHBhdFpfZEl5T3pLWTU3M0EwVHlYNHBTTXprNlRUcjFGSWV1ZDM4Y3NTUQ?oc=5\" target=\"_blank\" rel=\"noopener\">L&rsquo;\u00e9quipe UAE Emirates-XRG d\u00e9voile un maillot repens\u00e9 pour la saison 2026<\/a>&nbsp;&nbsp;L&rsquo;\u00c9quipe<\/li>\n<li><a href=\"https:\/\/news.google.com\/rss\/articles\/CBMiiwFBVV95cUxObFU2ejhqMFo0bEpBbnc5c2VqYmJtZndBVnE2UW9BYUR1LU50cXUzN1R4ZDdfVGZOSzFucFdHSHdRdjlRdzl3Q1RHNmVtbnZicjRHejBDTmNmaFFVRHhPVjYyb2p3Y1lSUzg3b3NMU0I5RXpDWXM1S1pBWEw2dmtSc2xUcHFONUI0Y2Jn?oc=5\" target=\"_blank\" rel=\"noopener\">L\u2019\u00e9quipe UAE d\u00e9voil\u00e9 son nouveau maillot<\/a>&nbsp;&nbsp;Velo 101<\/li>\n<li><a href=\"https:\/\/news.google.com\/rss\/articles\/CBMihgFBVV95cUxOX2UyeEg4OUVyc0dRdWJtNVlFUEswb3B6bjRWU2Z3QVZ3YnFnZlFhZ1ZWQ3hsZHJsVUpzcTJWaHlHMGNXWGZPcVZVNDRCdFYtWWlpNVNPcl9aNFowbjRKTkZoMDFGazdwOTVmYmN5aUFDV1gxTUdHSkFIWV9pYkFrc3pneV96QQ?oc=5\" target=\"_blank\" rel=\"noopener\">UAE Team Emirates-XRG d\u00e9voile son maillot 2026<\/a>&nbsp;&nbsp;Velo-Club<\/li>\n<li><a href=\"https:\/\/news.google.com\/rss\/articles\/CBMimAFBVV95cUxOYVZMNzBxRFVDTWJUc0pjUzlFMjhWMXIzUk13RXN5dzVmTEJBUVI0WHhRTkFUamdXWUZnOHlIQ3gtMFdVcWdZRVBud3RvZ3NnUzQtdHVCckRuT0JJVWU0aHJoOFQ1SjI2ZVBrdFNnMDhKWWhhcHhFRzJ6cEhuYU5Wd2k0a2h5Q09ub081WWhxbXNZcjZ0ZkRpVg?oc=5\" target=\"_blank\" rel=\"noopener\">UAE Team Emirates XRG 2026 : Le maillot Pissei officiellement d\u00e9voil\u00e9<\/a>&nbsp;&nbsp;TodayCycling<\/li>\n<\/ol>\n","protected":false},"excerpt":{"rendered":"UAE Team Emirates XRG : Le v\u00e9lo 2026&nbsp;&nbsp;DirectVelo L&rsquo;\u00e9quipe UAE Emirates-XRG d\u00e9voile un maillot repens\u00e9 pour la saison&hellip;\n","protected":false},"author":2,"featured_media":597580,"comment_status":"","ping_status":"","sticky":false,"template":"","format":"standard","meta":{"footnotes":""},"categories":[1411],"tags":[834,828,836,829,837,827,83,826,824,823,1154,207,814,817,815,816,822,821,832,211,839,1011,27,820,818,819,835,831,830,833,838,60,212,208,825],"class_list":{"0":"post-597579","1":"post","2":"type-post","3":"status-publish","4":"format-standard","5":"has-post-thumbnail","7":"category-cyclisme","8":"tag-attaque","9":"tag-belgique","10":"tag-braquet","11":"tag-bretagne","12":"tag-chute","13":"tag-competition","14":"tag-coupe-de-france","15":"tag-coureur","16":"tag-course-cyclisme","17":"tag-course-cycliste","18":"tag-cycling","19":"tag-cyclisme","20":"tag-direct","21":"tag-direct-velo","22":"tag-directvelo","23":"tag-directvelo-com","24":"tag-epreuve","25":"tag-epreuve-cycliste","26":"tag-federation-francaise-de-cyclisme","27":"tag-ffc","28":"tag-flandres","29":"tag-fr","30":"tag-france","31":"tag-live","32":"tag-live-course","33":"tag-live-epreuve","34":"tag-peloton","35":"tag-radio-peloton","36":"tag-radio-tour","37":"tag-ravitaillement","38":"tag-relance","39":"tag-sports","40":"tag-uci","41":"tag-velo","42":"tag-velos"},"share_on_mastodon":{"url":"https:\/\/pubeurope.com\/@fr\/115714786934473761","error":""},"_links":{"self":[{"href":"https:\/\/www.europesays.com\/fr\/wp-json\/wp\/v2\/posts\/597579","targetHints":{"allow":["GET"]}}],"collection":[{"href":"https:\/\/www.europesays.com\/fr\/wp-json\/wp\/v2\/posts"}],"about":[{"href":"https:\/\/www.europesays.com\/fr\/wp-json\/wp\/v2\/types\/post"}],"author":[{"embeddable":true,"href":"https:\/\/www.europesays.com\/fr\/wp-json\/wp\/v2\/users\/2"}],"replies":[{"embeddable":true,"href":"https:\/\/www.europesays.com\/fr\/wp-json\/wp\/v2\/comments?post=597579"}],"version-history":[{"count":0,"href":"https:\/\/www.europesays.com\/fr\/wp-json\/wp\/v2\/posts\/597579\/revisions"}],"wp:featuredmedia":[{"embeddable":true,"href":"https:\/\/www.europesays.com\/fr\/wp-json\/wp\/v2\/media\/597580"}],"wp:attachment":[{"href":"https:\/\/www.europesays.com\/fr\/wp-json\/wp\/v2\/media?parent=597579"}],"wp:term":[{"taxonomy":"category","embeddable":true,"href":"https:\/\/www.europesays.com\/fr\/wp-json\/wp\/v2\/categories?post=597579"},{"taxonomy":"post_tag","embeddable":true,"href":"https:\/\/www.europesays.com\/fr\/wp-json\/wp\/v2\/tags?post=597579"}],"curies":[{"name":"wp","href":"https:\/\/api.w.org\/{rel}","templated":true}]}}