{"id":597585,"date":"2025-12-13T23:13:11","date_gmt":"2025-12-13T23:13:11","guid":{"rendered":"https:\/\/www.europesays.com\/fr\/597585\/"},"modified":"2025-12-13T23:13:11","modified_gmt":"2025-12-13T23:13:11","slug":"bienvenue-chez-le-ministre-de-napoleon","status":"publish","type":"post","link":"https:\/\/www.europesays.com\/fr\/597585\/","title":{"rendered":"bienvenue chez le ministre de Napol\u00e9on"},"content":{"rendered":"<p>                    Par<br \/>\n        <strong><br \/>\n            <a href=\"https:\/\/actu.fr\/auteur\/fabienne-marie\" title=\"Consulter tous les articles de Fabienne Marie\" target=\"_blank\" rel=\"noopener\">Fabienne Marie<\/a><br \/>\n                    <\/strong><\/p>\n<p>        Publi\u00e9 le<\/p>\n<p>            13 d\u00e9c. 2025 \u00e0 17h32        <\/p>\n<p>Salons, chambre, cuisine richement meubl\u00e9s : bienvenue chez <strong>le prince de Talleyrand<\/strong>. \u00c0 <strong>Valen\u00e7ay<\/strong> (Indre), vous entrez dans la demeure d\u2019un grand ministre de <a href=\"https:\/\/actu.fr\/histoire-patrimoine\/\" target=\"_blank\" rel=\"noopener\">Napol\u00e9on<\/a>. Les collections de meubles, sculptures, peintures et objets pr\u00e9cieux du ch\u00e2teau de Valen\u00e7ay lui donnent le cachet d\u2019une demeure encore habit\u00e9e.<\/p>\n<p>La demeure d\u2019un diplomate<\/p>\n<p class=\" wall-content\">C\u2019est en 1803 que le ch\u00e2teau devient la demeure de Charles-Maurice de Talleyrand qui l\u2019acquiert \u00e0 la demande de l\u2019empereur Napol\u00e9on. Au ch\u00e2teau, le ministre administre la <strong>diplomatie<\/strong> de la France : il y re\u00e7oit toutes les personnalit\u00e9s politiques et dignitaires \u00e9trangers influents. Le ch\u00e2teau conna\u00eet son heure de gloire.<\/p>\n<p class=\" wall-content\">L\u2019art de vivre du 19\u1d49 si\u00e8cle se lit dans les pi\u00e8ces meubl\u00e9es de fa\u00e7on remarquable par du <strong>mobilier R\u00e9gence, Louis XVI et Empire<\/strong>.<\/p>\n<p class=\" wall-content\">La visite du ch\u00e2teau commence par les salons.<strong> Parquet \u00e0 la Versailles<\/strong>, boiseries sculpt\u00e9es et peinture d\u2019origine sont de style Louis XVI. L\u2019ensemble qui servait de lieux de r\u00e9ception et d\u2019habitation est richement meubl\u00e9 et accessible \u00e0 tous les visiteurs en visite libre.<\/p>\n<p class=\" wall-content\">Les chambres sont situ\u00e9es au premier \u00e9tage de l\u2019aile ouest du ch\u00e2teau. On y acc\u00e8de par le grand escalier d\u2019honneur au centre de l\u2019\u00e9difice. On y d\u00e9couvre le cabinet de travail de Talleyrand, qui aurait \u00e9t\u00e9 offert par <strong>le prince Murat, roi de Naples<\/strong>. La salle des tr\u00e9sors, apr\u00e8s la visite des chambres, permet de rentrer dans l\u2019intimit\u00e9 du prince de Talleyrand en d\u00e9couvrant ses objets les plus pr\u00e9cieux.<\/p>\n<p class=\" wall-content\">Enfin,<strong> la \u00ab salle des maquettes \u00bb,<\/strong> ou salle Jacques d\u2019Estampes, est situ\u00e9e au premier \u00e9tage du donjon. Elle offre une vue imprenable sur le jardin fran\u00e7ais au nord et sur la cour d\u2019honneur au sud.\u00a0<\/p>\n<p>Votre r\u00e9gion, votre actu !<\/p>\n<p>Recevez chaque jour les infos qui comptent pour vous.<\/p>\n<p>\t<a href=\"https:\/\/actu.fr\/newsletter\" class=\"ac-btn ac-btn--corner ac-btn--medium ac-btn--blue800\" target=\"_blank\" rel=\"noopener\">S&rsquo;incrire<\/a><br \/>\nUn petit th\u00e9\u00e2tre \u00e0 l\u2019italienne, unique en Val de Loire<\/p>\n<p class=\" wall-content\">Ce <strong>petit th\u00e9\u00e2tre, unique en Val de Loire<\/strong>, reste le t\u00e9moignage le plus pr\u00e9cieux d\u2019une salle de spectacle du 1\u1d49\u02b3 Empire, conserv\u00e9e avec ses 54 d\u00e9cors d\u2019\u00e9poque.\u00a0<\/p>\n<p class=\" wall-content\">Durant toute la saison 2025, le ch\u00e2teau de Valen\u00e7ay vous propose des<strong> animations r\u00e9guli\u00e8res<\/strong> : culture, gastronomie, spectacle, il y en a pour tous les go\u00fbts. Les parcs et jardins se visitent \u00e0 pied ou en golfette \u00e9lectrique et m\u00e8nent jusqu\u2019\u00e0 la taverne des Espagnols, halte troglodytique au c\u0153ur de la for\u00eat des Princes\u2026<\/p>\n<p class=\" wall-content\">Au c\u0153ur du ch\u00e2teau, une exp\u00e9rience ludique et \u00e9ducative in\u00e9dite est propos\u00e9e. Il s\u2019agit d\u2019un nouvel espace d\u2019ateliers d\u2019animations d\u00e9di\u00e9 aux enfants, mettant en avant des constructions impressionnantes en briques Lego\u00ae.<\/p>\n<p class=\" wall-content\">Un ch\u00e2teau \u00e0 visiter en famille !<\/p>\n<p><a href=\"https:\/\/www.chateau-valencay.fr\/\" target=\"_blank\" rel=\"noopener\">Ch\u00e2teau de Valen\u00e7ay<\/a><br \/>\n2 rue de Blois 36600 Valen\u00e7ay<br \/>\nContact au 02 54 00 10 66.<\/p>\n<p>Ouvert tous les jours de 11h \u00e0 20h. Adulte Plein tarif : 14,50 \u20ac.<\/p>\n<p class=\" wall-content\">Personnalisez votre actualit\u00e9 en ajoutant vos villes et m\u00e9dias en favori avec <a href=\"https:\/\/moncompte.actu.fr\" title=\"D\u00e9couvez Mon Actu\" rel=\"nofollow noopener\" data-trk=\"{&quot;cta&quot;:{&quot;action&quot;:&quot;https:\\\/\\\/moncompte.actu.fr&quot;,&quot;category&quot;:&quot;mon compte&quot;,&quot;from&quot;:&quot;article footer&quot;,&quot;name&quot;:&quot;Mon actu&quot;,&quot;type&quot;:&quot;cta&quot;}}\" target=\"_blank\">Mon Actu<\/a>.<\/p>\n","protected":false},"excerpt":{"rendered":"Par Fabienne Marie Publi\u00e9 le 13 d\u00e9c. 2025 \u00e0 17h32 Salons, chambre, cuisine richement meubl\u00e9s : bienvenue chez&hellip;\n","protected":false},"author":2,"featured_media":597586,"comment_status":"","ping_status":"","sticky":false,"template":"","format":"standard","meta":{"footnotes":""},"categories":[1358],"tags":[1348,1384,1385,1386,58,59,1011,27,937,58904,21922,2551],"class_list":{"0":"post-597585","1":"post","2":"type-post","3":"status-publish","4":"format-standard","5":"has-post-thumbnail","7":"category-arts-et-design","8":"tag-arts","9":"tag-arts-and-design","10":"tag-arts-et-design","11":"tag-design","12":"tag-divertissement","13":"tag-entertainment","14":"tag-fr","15":"tag-france","16":"tag-histoire","17":"tag-histoire-patrimoine","18":"tag-monuments","19":"tag-patrimoine"},"share_on_mastodon":{"url":"https:\/\/pubeurope.com\/@fr\/115714798585765400","error":""},"_links":{"self":[{"href":"https:\/\/www.europesays.com\/fr\/wp-json\/wp\/v2\/posts\/597585","targetHints":{"allow":["GET"]}}],"collection":[{"href":"https:\/\/www.europesays.com\/fr\/wp-json\/wp\/v2\/posts"}],"about":[{"href":"https:\/\/www.europesays.com\/fr\/wp-json\/wp\/v2\/types\/post"}],"author":[{"embeddable":true,"href":"https:\/\/www.europesays.com\/fr\/wp-json\/wp\/v2\/users\/2"}],"replies":[{"embeddable":true,"href":"https:\/\/www.europesays.com\/fr\/wp-json\/wp\/v2\/comments?post=597585"}],"version-history":[{"count":0,"href":"https:\/\/www.europesays.com\/fr\/wp-json\/wp\/v2\/posts\/597585\/revisions"}],"wp:featuredmedia":[{"embeddable":true,"href":"https:\/\/www.europesays.com\/fr\/wp-json\/wp\/v2\/media\/597586"}],"wp:attachment":[{"href":"https:\/\/www.europesays.com\/fr\/wp-json\/wp\/v2\/media?parent=597585"}],"wp:term":[{"taxonomy":"category","embeddable":true,"href":"https:\/\/www.europesays.com\/fr\/wp-json\/wp\/v2\/categories?post=597585"},{"taxonomy":"post_tag","embeddable":true,"href":"https:\/\/www.europesays.com\/fr\/wp-json\/wp\/v2\/tags?post=597585"}],"curies":[{"name":"wp","href":"https:\/\/api.w.org\/{rel}","templated":true}]}}