{"id":597591,"date":"2025-12-13T23:18:32","date_gmt":"2025-12-13T23:18:32","guid":{"rendered":"https:\/\/www.europesays.com\/fr\/597591\/"},"modified":"2025-12-13T23:18:32","modified_gmt":"2025-12-13T23:18:32","slug":"t-ou-philippe-katerine-une-plongee-intime-dans-lunivers-dun-artiste-inclassable","status":"publish","type":"post","link":"https:\/\/www.europesays.com\/fr\/597591\/","title":{"rendered":"\u00ab\u00a0T o\u00f9 Philippe Katerine?\u00a0\u00bb, une plong\u00e9e intime dans l&rsquo;univers d&rsquo;un artiste inclassable"},"content":{"rendered":"<p>Depuis pr\u00e8s de trente ans, Ga\u00ebtan Chataignier filme son copain Philippe Katerine. Avec son documentaire \u00ab\u00a0T o\u00f9 Philippe Katerine?\u00a0\u00bb \u00e0 voir sur Play RTS, le r\u00e9alisateur replonge dans ces images accumul\u00e9es pour tenter de comprendre comment et pourquoi \u00ab\u00a0son pote artiste\u00a0\u00bb est devenu un tel ph\u00e9nom\u00e8ne.<\/p>\n<p>Le documentaire in\u00e9dit, intitul\u00e9    <img decoding=\"async\" class=\"embed-responsive-item\" loading=\"lazy\" src=\"https:\/\/www.europesays.com\/fr\/wp-content\/uploads\/2025\/12\/3x0kwn-29068347.image\" alt=\"T o\u00f9 Philippe Katerine\"\/>    T o\u00f9 Philippe Katerine \/ Doc Portrait \/ 64 min. \/ samedi \u00e0 10:40   offre une exploration fascinante de la carri\u00e8re et de la personnalit\u00e9 de cet artiste inclassable et po\u00e8te qui a su, au fil des d\u00e9cennies, marquer le paysage musical et artistique fran\u00e7ais. R\u00e9alis\u00e9 par son ami de longue date, le musicien et r\u00e9alisateur Ga\u00ebtan Chataignier, ce portrait intime retrace le parcours atypique d&rsquo;un homme qui, malgr\u00e9 une timidit\u00e9 et une fragilit\u00e9 d&rsquo;enfance, est devenu un v\u00e9ritable ph\u00e9nom\u00e8ne artistique.<\/p>\n<p>Le documentaire s&rsquo;ouvre sur une image saisissante: Philippe Katerine chantant lors de la c\u00e9r\u00e9monie d&rsquo;ouverture des Jeux olympiques de Paris, nu et peint en bleu. Cette sc\u00e8ne, \u00e0 la fois d\u00e9routante et embl\u00e9matique de l&rsquo;artiste, soul\u00e8ve la question centrale du film: \u00ab\u00a0comment en est-il arriv\u00e9 l\u00e0 ?\u00a0\u00bb. Ga\u00ebtan Chataignier, qui conna\u00eet Philippe Katerine depuis trente-cinq ans, s&rsquo;est replong\u00e9 dans des d\u00e9cennies d&rsquo;archives pour tenter de percer le myst\u00e8re de cette trajectoire unique.<\/p>\n<p> &gt;&gt; Voir le documentaire \u00ab\u00a0T o\u00f9 Philippe Katerine?\u00a0\u00bb\u00a0:   <img decoding=\"async\" class=\"embed-responsive-item\" loading=\"lazy\" src=\"https:\/\/www.europesays.com\/fr\/wp-content\/uploads\/2025\/12\/3x0kwn-29068347.image\" alt=\"T o\u00f9 Philippe Katerine\"\/>    T o\u00f9 Philippe Katerine \/ Doc Portrait \/ 64 min. \/ samedi \u00e0 10:40 Des d\u00e9buts discrets \u00e0 la reconnaissance publique<\/p>\n<p>L&rsquo;enfance de Philippe Katerine est marqu\u00e9e par une op\u00e9ration cardiaque \u00e0 l&rsquo;\u00e2ge de huit ans, un \u00e9v\u00e9nement qui aurait pu lui co\u00fbter la vie. Cette fragilit\u00e9 initiale contraste fortement avec l&rsquo;artiste audacieux et provocateur qu&rsquo;il est devenu. Ses d\u00e9buts musicaux, avec l&rsquo;album \u00ab\u00a0Les mariages chinois\u00a0\u00bb en 1991, r\u00e9v\u00e8lent un univers fait de chansons l\u00e9g\u00e8res et po\u00e9tiques. Il conna\u00eet alors un petit succ\u00e8s d&rsquo;estime, notamment avec le titre \u00ab\u00a0Jardin anglais\u00a0\u00bb, inspir\u00e9 par Gen\u00e8ve et le lac L\u00e9man. Les paroles de cette chanson sont d&rsquo;ailleurs expos\u00e9es au mus\u00e9e du L\u00e9man.<\/p>\n<p>C&rsquo;est en 2005 que Philippe Katerine explose aupr\u00e8s du grand public avec le tube \u00ab\u00a0Louxor, j&rsquo;adore\u00a0\u00bb, extrait de son album \u00ab\u00a0Robots apr\u00e8s tout\u00a0\u00bb. Le clip de cette chanson, tourn\u00e9 dans sa r\u00e9gion natale en Vend\u00e9e, est un moment cl\u00e9 de sa carri\u00e8re, marquant son passage d&rsquo;un cercle de fans restreint \u00e0 une reconnaissance nationale.<\/p>\n<p>Contenu externe<\/p>\n<p> Ce contenu externe ne peut pas \u00eatre affich\u00e9 car il est susceptible de collecter des donn\u00e9es personnelles. Pour voir ce contenu vous devez autoriser la cat\u00e9gorie <strong>R\u00e9seaux sociaux<\/strong>. <\/p>\n<p> Accepter Plus d&rsquo;info <\/p>\n<p>    Un artiste aux multiples facettes<\/p>\n<p>Le documentaire met en lumi\u00e8re la diversit\u00e9 des talents de Philippe Katerine. Au-del\u00e0 de ses albums et ses chansons, il est \u00e9galement reconnu comme \u00e9crivain, dessinateur, plasticien et acteur. Sa performance dans le film \u00ab\u00a0Le grand bain\u00a0\u00bb de Gilles Lellouche lui a m\u00eame valu un C\u00e9sar du meilleur acteur dans un second r\u00f4le. Cette polyvalence artistique est un fil rouge du film \u00ab\u00a0T o\u00f9 Philippe Katerine?\u00a0\u00bb, qui explore comment l&rsquo;artiste a su naviguer entre ces diff\u00e9rentes expressions, toujours avec une touche d&rsquo;originalit\u00e9 et de po\u00e9sie.<\/p>\n<p>Ga\u00ebtan Chataignier, qui a \u00e9galement r\u00e9alis\u00e9 de nombreux clips pour Philippe Katerine (et a m\u00eame remport\u00e9 une Victoire de la musique pour le clip \u00ab\u00a0La banane\u00a0\u00bb en 2011), offre un regard privil\u00e9gi\u00e9 sur l&rsquo;artiste. Le r\u00e9alisateur a accumul\u00e9 des images pendant pr\u00e8s de trente ans, le filmant dans sa vie quotidienne, en tourn\u00e9e, et recueillant les t\u00e9moignages de ses proches (sa m\u00e8re, sa fille, sa s\u0153ur). Un travail de longue haleine qui a permis \u00e0 Ga\u00ebtan Chataignier de dresser dans son documentaire un portrait \u00ab\u00a0touchant, dr\u00f4le et \u00e9mouvant\u00a0\u00bb d&rsquo;un artiste \u00ab\u00a0singulier\u00a0\u00bb.<\/p>\n<p class=\"sources\">Sujet radio: Davy Bailly-Basin<\/p>\n<p class=\"credit\">Adaptation web: ld<\/p>\n<p class=\"article-footnote\">\u00ab\u00a0T o\u00f9 Philippe Katerine?\u00a0\u00bb de Ga\u00ebtan Chataignier, \u00e0 voir sur    <img decoding=\"async\" class=\"embed-responsive-item\" loading=\"lazy\" src=\"https:\/\/www.europesays.com\/fr\/wp-content\/uploads\/2025\/12\/3x0kwn-29068347.image\" alt=\"T o\u00f9 Philippe Katerine\"\/>    T o\u00f9 Philippe Katerine \/ Doc Portrait \/ 64 min. \/ samedi \u00e0 10:40   jusqu&rsquo;en mars 2026.<\/p>\n","protected":false},"excerpt":{"rendered":"Depuis pr\u00e8s de trente ans, Ga\u00ebtan Chataignier filme son copain Philippe Katerine. Avec son documentaire \u00ab\u00a0T o\u00f9 Philippe&hellip;\n","protected":false},"author":2,"featured_media":597592,"comment_status":"","ping_status":"","sticky":false,"template":"","format":"standard","meta":{"footnotes":""},"categories":[1354],"tags":[1692,2593,1693,2502,1695,650,251,58,59,2081,32157,1346,1011,27,1360,1698,29364,9381,4233],"class_list":{"0":"post-597591","1":"post","2":"type-post","3":"status-publish","4":"format-standard","5":"has-post-thumbnail","7":"category-films","8":"tag-album","9":"tag-artiste","10":"tag-arts-et-divertissement","11":"tag-arts-visuels","12":"tag-chanson","13":"tag-cinema","14":"tag-culture","15":"tag-divertissement","16":"tag-entertainment","17":"tag-film","18":"tag-film-documentaire","19":"tag-films","20":"tag-fr","21":"tag-france","22":"tag-movies","23":"tag-musiques","24":"tag-phenomene","25":"tag-philippe-katerine","26":"tag-realisateur"},"share_on_mastodon":{"url":"https:\/\/pubeurope.com\/@fr\/115714820343127605","error":""},"_links":{"self":[{"href":"https:\/\/www.europesays.com\/fr\/wp-json\/wp\/v2\/posts\/597591","targetHints":{"allow":["GET"]}}],"collection":[{"href":"https:\/\/www.europesays.com\/fr\/wp-json\/wp\/v2\/posts"}],"about":[{"href":"https:\/\/www.europesays.com\/fr\/wp-json\/wp\/v2\/types\/post"}],"author":[{"embeddable":true,"href":"https:\/\/www.europesays.com\/fr\/wp-json\/wp\/v2\/users\/2"}],"replies":[{"embeddable":true,"href":"https:\/\/www.europesays.com\/fr\/wp-json\/wp\/v2\/comments?post=597591"}],"version-history":[{"count":0,"href":"https:\/\/www.europesays.com\/fr\/wp-json\/wp\/v2\/posts\/597591\/revisions"}],"wp:featuredmedia":[{"embeddable":true,"href":"https:\/\/www.europesays.com\/fr\/wp-json\/wp\/v2\/media\/597592"}],"wp:attachment":[{"href":"https:\/\/www.europesays.com\/fr\/wp-json\/wp\/v2\/media?parent=597591"}],"wp:term":[{"taxonomy":"category","embeddable":true,"href":"https:\/\/www.europesays.com\/fr\/wp-json\/wp\/v2\/categories?post=597591"},{"taxonomy":"post_tag","embeddable":true,"href":"https:\/\/www.europesays.com\/fr\/wp-json\/wp\/v2\/tags?post=597591"}],"curies":[{"name":"wp","href":"https:\/\/api.w.org\/{rel}","templated":true}]}}