{"id":597602,"date":"2025-12-13T23:24:16","date_gmt":"2025-12-13T23:24:16","guid":{"rendered":"https:\/\/www.europesays.com\/fr\/597602\/"},"modified":"2025-12-13T23:24:16","modified_gmt":"2025-12-13T23:24:16","slug":"washington-considere-comme-une-menace-la-russie-endoctrinee-les-islamistes-en-embuscade-le-rapport-choc-du-renseignement-danois-sur-la-securite-europeenne","status":"publish","type":"post","link":"https:\/\/www.europesays.com\/fr\/597602\/","title":{"rendered":"Washington consid\u00e9r\u00e9 comme une menace, la Russie \u00abendoctrin\u00e9e\u00bb, les islamistes en embuscade&#8230; Le rapport choc du renseignement danois sur la s\u00e9curit\u00e9 europ\u00e9enne"},"content":{"rendered":"<p>\n    <strong>D\u00c9CRYPTAGE <\/strong>&#8211; Le Forsvarets Efterretningstjeneste vient de publier son rapport annuel sur les menaces qui p\u00e8sent sur le pays et le continent. Washington en fait partie, pour la toute premi\u00e8re fois.<\/p>\n<p class=\"fig-paragraph\">Pr\u00e9curseur sur le\u00a0<a href=\"http:\/\/www.lefigaro.fr\/international\/immigration-ce-modele-danois-qui-combat-les-societes-paralleles-dont-pourrait-s-inspirer-le-royaume-uni-20251110\" target=\"_blank\" data-fig-type=\"NewsFlash\" rel=\"noopener nofollow\" data-gtm-custom-categorie=\"navigation\" data-gtm-custom-action=\"crossclick\" data-gtm-custom-label=\"Contextuel\" data-gtm-event=\"customEventSPE\" data-fig-domain=\"LEFIGARO\">durcissement de la politique migratoire en Europe<\/a>, le\u00a0<a href=\"http:\/\/www.lefigaro.fr\/international\/a-mes-yeux-la-plus-grande-menace-pour-les-pays-nordiques-est-l-immigration-le-danemark-enregistre-une-baisse-record-du-nombre-de-demandeurs-d-asile-20251128\" target=\"_blank\" data-fig-type=\"Article\" rel=\"noopener nofollow\" data-gtm-custom-categorie=\"navigation\" data-gtm-custom-action=\"crossclick\" data-gtm-custom-label=\"Contextuel\" data-gtm-event=\"customEventSPE\" data-fig-domain=\"LEFIGARO\">Danemark<\/a>\u00a0est \u00e9galement le premier pays de l\u2019UE \u00e0 officiellement consid\u00e9rer les\u00a0<a href=\"http:\/\/www.lefigaro.fr\/vox\/monde\/l-editorial-du-figaro-magazine-ingerence-salutaire-20251212\" target=\"_blank\" data-fig-type=\"Article\" rel=\"noopener nofollow\" data-gtm-custom-categorie=\"navigation\" data-gtm-custom-action=\"crossclick\" data-gtm-custom-label=\"Contextuel\" data-gtm-event=\"customEventSPE\" data-fig-domain=\"LEFIGARO\">\u00c9tats-Unis<\/a>\u00a0comme une menace. Le Forsvarets Efterretningstjeneste, service de renseignement militaire du pays, vient de publier son rapport annuel sur les \u00abudsyn\u00bb (\u00abperspectives\u00bb, en fran\u00e7ais) \u00e0 surveiller afin de s\u00e9curiser le royaume et le continent dans un avenir proche.<\/p>\n<p class=\"fig-paragraph\">Et elles seraient nombreuses, si l\u2019on en croit les propos que le chef du service, Thomas Ahrenkiel, \u00e9crit en pr\u00e9face du document: \u00abLe Royaume du Danemark fait face \u00e0 des menaces et \u00e0 des d\u00e9fis de s\u00e9curit\u00e9 beaucoup plus graves que depuis de nombreuses ann\u00e9es\u00bb, peut-on lire. En cause, notamment, la \u00abconcurrence accrue entre les grandes puissances dans l\u2019Arctique, le d\u00e9sir de la Chine de jouer un r\u00f4le dominant et la menace du terrorisme islamiste.\u00bb<\/p>\n<p>                                            La menace islamiste toujours au premier plan<\/p>\n<p class=\"fig-paragraph\">Pour le Forsvarets Efterretningstjeneste, le terrorisme\u00a0<a href=\"http:\/\/www.lefigaro.fr\/actualite-france\/terrorisme-islamiste-en-france-une-enquete-ouverte-chaque-semaine-en-2025-20251203\" target=\"_blank\" data-fig-type=\"Article\" rel=\"noopener nofollow\" data-gtm-custom-categorie=\"navigation\" data-gtm-custom-action=\"crossclick\" data-gtm-custom-label=\"Contextuel\" data-gtm-event=\"customEventSPE\" data-fig-domain=\"LEFIGARO\">islamiste<\/a>\u00a0repr\u00e9sente toujours l\u2019un des principaux dangers pesant sur le Danemark\u2026<\/p>\n<p class=\"fig-premium-paywall__infos\">\n        Cet article est r\u00e9serv\u00e9 aux abonn\u00e9s.        Il vous reste 91% \u00e0 d\u00e9couvrir.\n    <\/p>\n<p>                <img  data- alt=\"Le Figaro\" class=\"fig-img--complete fig-img\"\/><\/p>\n<p class=\"fig-premium-paywall__title\">Vente Flash<\/p>\n<p class=\"fig-premium-paywall__subtitle\">-50% sur l&rsquo;abonnement num\u00e9rique<\/p>\n<p class=\"fig-premium-paywall__connect\">\n                D\u00e9j\u00e0 abonn\u00e9\u00a0?                <a class=\"fig-premium-paywall__connect-link\" href=\"https:\/\/connect.lefigaro.fr\/login?client=horizon_web&amp;type=main&amp;redirect_uri=https%3A%2F%2Fwww.lefigaro.fr%2Finternational%2Fwashington-considere-comme-une-menace-la-russie-endoctrinee-les-islamistes-en-embuscade-le-rapport-choc-du-renseignement-danois-sur-la-securite-europeenne-20251213\" data-js-gtm=\"{&quot;customCategorie&quot;: &quot;conversion&quot;, &quot;customAction&quot;: &quot;before_Landing_Connexion_paywall_auto&quot;, &quot;customLabel&quot;: &quot;bGVmaWdhcm8uZnJfXzFmMGQ2YjQ1LTQ0ZTAtNmIwYy1iNjg3LTgzYjcwMDU2MzQ1NV9fTmV3c0ZsYXNo_Washington consid\u00e9r\u00e9 comme une menace, la Russie \u00abendoctrin\u00e9e\u00bb, les islamistes en embuscade... Le rapport choc du renseignement danois sur la s\u00e9curit\u00e9 europ\u00e9enne_128&quot;, &quot;customIDSPE&quot;: &quot;bGVmaWdhcm8uZnJfXzFmMGQ2YjQ1LTQ0ZTAtNmIwYy1iNjg3LTgzYjcwMDU2MzQ1NV9fTmV3c0ZsYXNo&quot;, &quot;event&quot;: &quot;customEventSPE&quot;}\" rel=\"nofollow noopener\" target=\"_blank\"><br \/>\n                    Connectez-vous<br \/>\n                <\/a>\n            <\/p>\n","protected":false},"excerpt":{"rendered":"D\u00c9CRYPTAGE &#8211; Le Forsvarets Efterretningstjeneste vient de publier son rapport annuel sur les menaces qui p\u00e8sent sur le&hellip;\n","protected":false},"author":2,"featured_media":597603,"comment_status":"","ping_status":"","sticky":false,"template":"","format":"standard","meta":{"footnotes":""},"categories":[5],"tags":[11,309,145,674,1011,27,14,1253,12,132,28],"class_list":{"0":"post-597602","1":"post","2":"type-post","3":"status-publish","4":"format-standard","5":"has-post-thumbnail","7":"category-international","8":"tag-actualites","9":"tag-chine","10":"tag-danemark","11":"tag-europe","12":"tag-fr","13":"tag-france","14":"tag-international","15":"tag-islamisme","16":"tag-news","17":"tag-russie","18":"tag-world"},"share_on_mastodon":{"url":"https:\/\/pubeurope.com\/@fr\/115714841947845285","error":""},"_links":{"self":[{"href":"https:\/\/www.europesays.com\/fr\/wp-json\/wp\/v2\/posts\/597602","targetHints":{"allow":["GET"]}}],"collection":[{"href":"https:\/\/www.europesays.com\/fr\/wp-json\/wp\/v2\/posts"}],"about":[{"href":"https:\/\/www.europesays.com\/fr\/wp-json\/wp\/v2\/types\/post"}],"author":[{"embeddable":true,"href":"https:\/\/www.europesays.com\/fr\/wp-json\/wp\/v2\/users\/2"}],"replies":[{"embeddable":true,"href":"https:\/\/www.europesays.com\/fr\/wp-json\/wp\/v2\/comments?post=597602"}],"version-history":[{"count":0,"href":"https:\/\/www.europesays.com\/fr\/wp-json\/wp\/v2\/posts\/597602\/revisions"}],"wp:featuredmedia":[{"embeddable":true,"href":"https:\/\/www.europesays.com\/fr\/wp-json\/wp\/v2\/media\/597603"}],"wp:attachment":[{"href":"https:\/\/www.europesays.com\/fr\/wp-json\/wp\/v2\/media?parent=597602"}],"wp:term":[{"taxonomy":"category","embeddable":true,"href":"https:\/\/www.europesays.com\/fr\/wp-json\/wp\/v2\/categories?post=597602"},{"taxonomy":"post_tag","embeddable":true,"href":"https:\/\/www.europesays.com\/fr\/wp-json\/wp\/v2\/tags?post=597602"}],"curies":[{"name":"wp","href":"https:\/\/api.w.org\/{rel}","templated":true}]}}