{"id":597604,"date":"2025-12-13T23:25:13","date_gmt":"2025-12-13T23:25:13","guid":{"rendered":"https:\/\/www.europesays.com\/fr\/597604\/"},"modified":"2025-12-13T23:25:13","modified_gmt":"2025-12-13T23:25:13","slug":"deux-gendarmes-et-deux-policiers-municipaux-interpelles-dans-le-val-doise-liberation","status":"publish","type":"post","link":"https:\/\/www.europesays.com\/fr\/597604\/","title":{"rendered":"deux gendarmes et deux policiers municipaux interpell\u00e9s dans le Val-d\u2019Oise \u2013 Lib\u00e9ration"},"content":{"rendered":"<p class=\"sc-cPiKLX AiZTS text-element\">Deux gendarmes adjoints volontaires et deux policiers municipaux sont poursuivis dans le Val-d\u2019Oise dans le cadre d\u2019une \u00abaffaire de corruption en lien avec la criminalit\u00e9 organis\u00e9e\u00bb, soup\u00e7onn\u00e9s d\u2019avoir r\u00e9alis\u00e9 des milliers d\u2019op\u00e9rations frauduleuses \u00e0 la demande de personnes implant\u00e9es dans le Sud-Ouest, a annonc\u00e9 ce samedi 13\u00a0d\u00e9cembre le procureur de Pontoise.<\/p>\n<p class=\"sc-cPiKLX AiZTS text-element\">Les quatre hommes sont \u00e2g\u00e9s de 20 \u00e0 27\u00a0ans. Les deux gendarmes adjoints volontaires sont affect\u00e9s dans des unit\u00e9s distinctes de Domont et Pontoise (Val-d\u2019Oise) et les deux policiers municipaux, r\u00e9cemment recrut\u00e9s dans des communes de Seine-Saint-Denis, exer\u00e7aient pr\u00e9c\u00e9demment comme gendarmes adjoints volontaires dans l\u2019unit\u00e9 de Domont, selon le procureur Guirec Le Bras. Les deux hommes soup\u00e7onn\u00e9s d\u2019avoir \u00e9t\u00e9 leurs corrupteurs \u00e9taient \u00abdes g\u00e9rants de soci\u00e9t\u00e9s de location de v\u00e9hicules\u00bb, selon la m\u00eame source.<\/p>\n<p class=\"sc-cPiKLX AiZTS text-element\">Dans un communiqu\u00e9, le chef du parquet explique avoir ouvert, le 1er\u00a0ao\u00fbt, \u00abune enqu\u00eate pr\u00e9liminaire sur des faits de corruption active et passive en bande organis\u00e9e, violation du secret professionnel et d\u00e9tournement de la finalit\u00e9 d\u2019un traitement des donn\u00e9es \u00e0 caract\u00e8re personnel \u00e0 la suite de la d\u00e9couverte au mois de juillet de certaines anomalies par la brigade motoris\u00e9e de la gendarmerie d\u2019Orl\u00e9ans, \u00e0 la suite du contr\u00f4le et de l\u2019immobilisation d\u2019un v\u00e9hicule\u00bb.<\/p>\n<p class=\"sc-cPiKLX AiZTS text-element\">L\u2019enqu\u00eate, qui a mobilis\u00e9 l\u2019Unit\u00e9 nationale cyber (UNC), a pass\u00e9 au crible les activit\u00e9s des suspects. \u00abPr\u00e8s de 6\u00a0500 op\u00e9rations de nature frauduleuse en lien avec l\u2019utilisation des fichiers judiciaires et administratifs\u00bb leur sont imput\u00e9es, concernant notamment des v\u00e9hicules enregistr\u00e9s au nom de garages fictifs. Les suspects \u00abintervenaient contre r\u00e9mun\u00e9ration, \u00e0 la demande d\u2019individus impliqu\u00e9s dans des activit\u00e9s criminelles et implant\u00e9s dans le Sud-Ouest\u00bb, a indiqu\u00e9 le magistrat, mentionnant \u00abau moins 160\u00a0000\u00a0euros de flux financiers\u00bb.<\/p>\n<p class=\"sc-cPiKLX AiZTS text-element\">L\u2019un des policiers municipaux a d\u00e9j\u00e0 \u00e9t\u00e9 jug\u00e9 sur reconnaissance pr\u00e9alable de culpabilit\u00e9 et condamn\u00e9 \u00e0 six mois de prison avec sursis. L\u2019autre policier municipal et deux corrupteurs actifs pr\u00e9sum\u00e9s sont en d\u00e9tention provisoire, et les deux gendarmes ont \u00e9t\u00e9 plac\u00e9s sous contr\u00f4le judiciaire, dans l\u2019attente du jugement de l\u2019affaire le 30\u00a0janvier.<\/p>\n<p class=\"sc-cPiKLX AiZTS text-element\">Evoquant les interpellations men\u00e9es mercredi 10\u00a0d\u00e9cembre, le procureur a \u00e9voqu\u00e9 une op\u00e9ration d\u2019ampleur de deux jours, ayant mobilis\u00e9 notamment 120 enqu\u00eateurs, deux h\u00e9licopt\u00e8res et plusieurs \u00e9quipes cynophiles. Les perquisitions ont permis de saisir 30\u00a0000\u00a0euros en esp\u00e8ces, deux v\u00e9hicules Audi et Mercedes, une moto, de nombreux \u00e9quipements informatiques ou \u00e9lectroniques, d\u2019une valeur totale d\u2019environ 90\u00a0000\u00a0euros. Un pistolet-mitrailleur, trois armes de poing dont un pistolet automatique de la police nationale et un Glock d\u00e9rob\u00e9s lors de cambriolages ont aussi \u00e9t\u00e9 d\u00e9couverts, ainsi qu\u2019un revolver 357 Magnum, saisi chez l\u2019un des corrupteurs pr\u00e9sum\u00e9s. Les investigations ont \u00e9t\u00e9 pilot\u00e9es par l\u2019Inspection g\u00e9n\u00e9rale de la gendarmerie nationale.<\/p>\n","protected":false},"excerpt":{"rendered":"Deux gendarmes adjoints volontaires et deux policiers municipaux sont poursuivis dans le Val-d\u2019Oise dans le cadre d\u2019une \u00abaffaire&hellip;\n","protected":false},"author":2,"featured_media":597605,"comment_status":"","ping_status":"","sticky":false,"template":"","format":"standard","meta":{"footnotes":""},"categories":[4],"tags":[11,1770,1011,27,662,12,25],"class_list":{"0":"post-597604","1":"post","2":"type-post","3":"status-publish","4":"format-standard","5":"has-post-thumbnail","7":"category-france","8":"tag-actualites","9":"tag-corruption","10":"tag-fr","11":"tag-france","12":"tag-ile-de-france","13":"tag-news","14":"tag-republique-francaise"},"share_on_mastodon":{"url":"https:\/\/pubeurope.com\/@fr\/115714845929715671","error":""},"_links":{"self":[{"href":"https:\/\/www.europesays.com\/fr\/wp-json\/wp\/v2\/posts\/597604","targetHints":{"allow":["GET"]}}],"collection":[{"href":"https:\/\/www.europesays.com\/fr\/wp-json\/wp\/v2\/posts"}],"about":[{"href":"https:\/\/www.europesays.com\/fr\/wp-json\/wp\/v2\/types\/post"}],"author":[{"embeddable":true,"href":"https:\/\/www.europesays.com\/fr\/wp-json\/wp\/v2\/users\/2"}],"replies":[{"embeddable":true,"href":"https:\/\/www.europesays.com\/fr\/wp-json\/wp\/v2\/comments?post=597604"}],"version-history":[{"count":0,"href":"https:\/\/www.europesays.com\/fr\/wp-json\/wp\/v2\/posts\/597604\/revisions"}],"wp:featuredmedia":[{"embeddable":true,"href":"https:\/\/www.europesays.com\/fr\/wp-json\/wp\/v2\/media\/597605"}],"wp:attachment":[{"href":"https:\/\/www.europesays.com\/fr\/wp-json\/wp\/v2\/media?parent=597604"}],"wp:term":[{"taxonomy":"category","embeddable":true,"href":"https:\/\/www.europesays.com\/fr\/wp-json\/wp\/v2\/categories?post=597604"},{"taxonomy":"post_tag","embeddable":true,"href":"https:\/\/www.europesays.com\/fr\/wp-json\/wp\/v2\/tags?post=597604"}],"curies":[{"name":"wp","href":"https:\/\/api.w.org\/{rel}","templated":true}]}}