{"id":597608,"date":"2025-12-13T23:27:22","date_gmt":"2025-12-13T23:27:22","guid":{"rendered":"https:\/\/www.europesays.com\/fr\/597608\/"},"modified":"2025-12-13T23:27:22","modified_gmt":"2025-12-13T23:27:22","slug":"la-chocolaterie-fasandier-met-les-bouchees-doubles-avant-noel","status":"publish","type":"post","link":"https:\/\/www.europesays.com\/fr\/597608\/","title":{"rendered":"la chocolaterie Fasandier met les bouch\u00e9es doubles avant No\u00ebl"},"content":{"rendered":"<p>Ici, on ne rigole pas avec No\u00ebl\u00a0! \u00c0 la chocolaterie Fasandier, c\u2019est la plus grosse p\u00e9riode de l\u2019ann\u00e9e. Alors, on met les bouch\u00e9es doubles\u2026 Depuis mi-novembre d\u00e9j\u00e0, les gens viennent faire leurs provisions pour les f\u00eates de fin d\u2019ann\u00e9e.<\/p>\n<p>Moins de deux semaines avant le jour J, le rythme s\u2019intensifie. Et s\u00e9rieusement\u00a0!<\/p>\n<p>Des chocolats fra\u00eechement produits<\/p>\n<p>Ce vendredi, d\u00e8s 7 heures, tout le monde s\u2019active dans la petite boutique de la rue Michel-Rondet. Brigitte Fasandier et ses&#8230;<\/p>\n","protected":false},"excerpt":{"rendered":"Ici, on ne rigole pas avec No\u00ebl\u00a0! \u00c0 la chocolaterie Fasandier, c\u2019est la plus grosse p\u00e9riode de l\u2019ann\u00e9e.&hellip;\n","protected":false},"author":2,"featured_media":597609,"comment_status":"","ping_status":"","sticky":false,"template":"","format":"standard","meta":{"footnotes":""},"categories":[9653],"tags":[1111,11,2430,4406,130,33,7539,1777,674,10282,10283,1011,27,12,25,4001],"class_list":{"0":"post-597608","1":"post","2":"type-post","3":"status-publish","4":"format-standard","5":"has-post-thumbnail","7":"category-saint-etienne","8":"tag-actu","9":"tag-actualites","10":"tag-auvergne-rhone-alpes","11":"tag-commerce-et-services","12":"tag-consommation","13":"tag-economie","14":"tag-edition-loire-sud","15":"tag-eu","16":"tag-europe","17":"tag-firminy","18":"tag-firminy-ville","19":"tag-fr","20":"tag-france","21":"tag-news","22":"tag-republique-francaise","23":"tag-saint-etienne"},"share_on_mastodon":{"url":"https:\/\/pubeurope.com\/@fr\/115714853691351990","error":""},"_links":{"self":[{"href":"https:\/\/www.europesays.com\/fr\/wp-json\/wp\/v2\/posts\/597608","targetHints":{"allow":["GET"]}}],"collection":[{"href":"https:\/\/www.europesays.com\/fr\/wp-json\/wp\/v2\/posts"}],"about":[{"href":"https:\/\/www.europesays.com\/fr\/wp-json\/wp\/v2\/types\/post"}],"author":[{"embeddable":true,"href":"https:\/\/www.europesays.com\/fr\/wp-json\/wp\/v2\/users\/2"}],"replies":[{"embeddable":true,"href":"https:\/\/www.europesays.com\/fr\/wp-json\/wp\/v2\/comments?post=597608"}],"version-history":[{"count":0,"href":"https:\/\/www.europesays.com\/fr\/wp-json\/wp\/v2\/posts\/597608\/revisions"}],"wp:featuredmedia":[{"embeddable":true,"href":"https:\/\/www.europesays.com\/fr\/wp-json\/wp\/v2\/media\/597609"}],"wp:attachment":[{"href":"https:\/\/www.europesays.com\/fr\/wp-json\/wp\/v2\/media?parent=597608"}],"wp:term":[{"taxonomy":"category","embeddable":true,"href":"https:\/\/www.europesays.com\/fr\/wp-json\/wp\/v2\/categories?post=597608"},{"taxonomy":"post_tag","embeddable":true,"href":"https:\/\/www.europesays.com\/fr\/wp-json\/wp\/v2\/tags?post=597608"}],"curies":[{"name":"wp","href":"https:\/\/api.w.org\/{rel}","templated":true}]}}