{"id":59761,"date":"2025-04-28T17:16:15","date_gmt":"2025-04-28T17:16:15","guid":{"rendered":"https:\/\/www.europesays.com\/fr\/59761\/"},"modified":"2025-04-28T17:16:15","modified_gmt":"2025-04-28T17:16:15","slug":"saint-etienne-comment-le-zenith-parvient-il-a-faire-venir-jouer-les-plus-grandes-stars","status":"publish","type":"post","link":"https:\/\/www.europesays.com\/fr\/59761\/","title":{"rendered":"Saint-\u00c9tienne. Comment le Z\u00e9nith parvient-il \u00e0 faire venir jouer les plus grandes stars\u00a0?"},"content":{"rendered":"<p>Avec sa capacit\u00e9 de 5\u00a0400 places assises (7\u00a0000 en configuration assis\/debout) et ses 158\u00a0000 spectateurs accueillis durant la saison 2023-2024, le Z\u00e9nith st\u00e9phanois est la plus grande salle de spectacles de la Loire. Si le b\u00e2timent appartient \u00e0 Saint-\u00c9tienne M\u00e9tropole, sa gestion est confi\u00e9e depuis son ouverture en 2008 \u00e0 la soci\u00e9t\u00e9 priv\u00e9e ZEN Gestion, dans le cadre d\u2019une d\u00e9l\u00e9gation de service public renouvel\u00e9e \u00e0 plusieurs reprises (Ndlr. Le dernier contrat de gestion, sign\u00e9 en 2023, court sur six ans).<\/p>\n<p>Entre les deux parties, la&#8230;<\/p>\n","protected":false},"excerpt":{"rendered":"Avec sa capacit\u00e9 de 5\u00a0400 places assises (7\u00a0000 en configuration assis\/debout) et ses 158\u00a0000 spectateurs accueillis durant la&hellip;\n","protected":false},"author":2,"featured_media":59762,"comment_status":"","ping_status":"","sticky":false,"template":"","format":"standard","meta":{"footnotes":""},"categories":[9653],"tags":[1111,11,2430,33,1777,674,107,1011,27,12,25,4001,216],"class_list":{"0":"post-59761","1":"post","2":"type-post","3":"status-publish","4":"format-standard","5":"has-post-thumbnail","7":"category-saint-etienne","8":"tag-actu","9":"tag-actualites","10":"tag-auvergne-rhone-alpes","11":"tag-economie","12":"tag-eu","13":"tag-europe","14":"tag-fil-info","15":"tag-fr","16":"tag-france","17":"tag-news","18":"tag-republique-francaise","19":"tag-saint-etienne","20":"tag-vie-des-entreprises"},"share_on_mastodon":{"url":"https:\/\/pubeurope.com\/@fr\/114416725743536669","error":""},"_links":{"self":[{"href":"https:\/\/www.europesays.com\/fr\/wp-json\/wp\/v2\/posts\/59761","targetHints":{"allow":["GET"]}}],"collection":[{"href":"https:\/\/www.europesays.com\/fr\/wp-json\/wp\/v2\/posts"}],"about":[{"href":"https:\/\/www.europesays.com\/fr\/wp-json\/wp\/v2\/types\/post"}],"author":[{"embeddable":true,"href":"https:\/\/www.europesays.com\/fr\/wp-json\/wp\/v2\/users\/2"}],"replies":[{"embeddable":true,"href":"https:\/\/www.europesays.com\/fr\/wp-json\/wp\/v2\/comments?post=59761"}],"version-history":[{"count":0,"href":"https:\/\/www.europesays.com\/fr\/wp-json\/wp\/v2\/posts\/59761\/revisions"}],"wp:featuredmedia":[{"embeddable":true,"href":"https:\/\/www.europesays.com\/fr\/wp-json\/wp\/v2\/media\/59762"}],"wp:attachment":[{"href":"https:\/\/www.europesays.com\/fr\/wp-json\/wp\/v2\/media?parent=59761"}],"wp:term":[{"taxonomy":"category","embeddable":true,"href":"https:\/\/www.europesays.com\/fr\/wp-json\/wp\/v2\/categories?post=59761"},{"taxonomy":"post_tag","embeddable":true,"href":"https:\/\/www.europesays.com\/fr\/wp-json\/wp\/v2\/tags?post=59761"}],"curies":[{"name":"wp","href":"https:\/\/api.w.org\/{rel}","templated":true}]}}