{"id":597629,"date":"2025-12-13T23:57:34","date_gmt":"2025-12-13T23:57:34","guid":{"rendered":"https:\/\/www.europesays.com\/fr\/597629\/"},"modified":"2025-12-13T23:57:34","modified_gmt":"2025-12-13T23:57:34","slug":"a-strasbourg-le-marche-de-noel-est-un-parcours-du-combattant","status":"publish","type":"post","link":"https:\/\/www.europesays.com\/fr\/597629\/","title":{"rendered":"\u00e0 Strasbourg, le march\u00e9 de No\u00ebl est un parcours du combattant"},"content":{"rendered":"<p>    <img loading=\"lazy\" width=\"1800\" height=\"900\" src=\"https:\/\/www.europesays.com\/fr\/wp-content\/uploads\/2025\/11\/jeanne-callthepolice.jpg\" class=\"attachment-full size-full\" alt=\"\" id=\"imageLove\" decoding=\"async\"  \/><\/p>\n<p id=\"breadcrumbs\"><a href=\"https:\/\/pokaa.fr\/\" target=\"_blank\" rel=\"noopener\">Accueil<\/a> \/ <a href=\"https:\/\/pokaa.fr\/categories\/noel\/\" target=\"_blank\" rel=\"noopener\">No\u00ebl<\/a> \/ En fauteuil roulant ou malvoyant : \u00e0 Strasbourg, le march\u00e9 de No\u00ebl est un parcours du combattant<\/p>\n<p>                    No\u00ebl<\/p>\n<p class=\"p1\"><strong>Chalets, vin chaud et illuminations, le march\u00e9 de No\u00ebl attire chaque ann\u00e9e des millions de visiteurs\/ses \u00e0 Strasbourg. Mais pour les personnes en situation de handicap, se d\u00e9placer dans les all\u00e9es bond\u00e9es du centre-ville reste un v\u00e9ritable d\u00e9fi. Pour mieux comprendre, on a rencontr\u00e9 Qendrim Kasabaqi et Tim Geiger.\u00a0<\/strong><\/p>\n<p class=\"p1\">Il est 16h, place Broglie. La nuit va bient\u00f4t tomber, les illuminations s\u2019allument une \u00e0 une et la foule s\u2019\u00e9paissit. <strong>Mais pour Qendrim Kasabaqi, la visite du march\u00e9 de No\u00ebl ne se vit pas comme pour tout le monde.<\/strong><\/p>\n<p class=\"p1\"><strong>\u00ab Le premier probl\u00e8me, ce sont les nombreux dos d\u2019\u00e2ne qui cachent des c\u00e2bles. Il faut faire tr\u00e8s attention, surtout en fauteuil manuel, on peut rester coinc\u00e9 \u00bb<\/strong>, explique-t-il. Qendrim Kasabaqi est en fauteuil roulant \u00e9lectrique en raison d\u2019une pathologie g\u00e9n\u00e9tique. Pourtant, chaque ann\u00e9e, il ne renonce pas \u00e0 se rendre au march\u00e9 de No\u00ebl pour profiter d\u2019un vin chaud dans ses chalets pr\u00e9f\u00e9r\u00e9s.<\/p>\n<p>                <img width=\"667\" height=\"500\" src=\"https:\/\/www.europesays.com\/fr\/wp-content\/uploads\/2025\/12\/img-5954-5-resized-667x500.jpeg\" class=\"attachment-gallery size-gallery\" alt=\"March\u00e9 de No\u00ebl Handicap\" data-full-url=\"https:\/\/pokaa.fr\/wp-content\/uploads\/2025\/11\/30\/img-5954-5-resized.jpeg\" decoding=\"async\" loading=\"lazy\"  \/>            <\/p>\n<p>                <img width=\"750\" height=\"500\" src=\"https:\/\/www.europesays.com\/fr\/wp-content\/uploads\/2025\/12\/france-strasbourg-alsace-marche-de-noel-wr-49-750x500.jpg\" class=\"attachment-gallery size-gallery\" alt=\"March\u00e9 de Noel 2024 chalets place de la Cath\u00e9drale\" data-full-url=\"https:\/\/pokaa.fr\/wp-content\/uploads\/2024\/12\/12\/france-strasbourg-alsace-marche-de-noel-wr-49.jpg\" decoding=\"async\" loading=\"lazy\"  \/>            <\/p>\n<p>                    1. \u00a9 Romain Fournier \/ Pokaa ; 2. \u00a9 Wilfried Rion \/ Pokaa<\/p>\n<p class=\"p1\">Au d\u00e9tour d\u2019un chalet, Qendrim rencontre un couple avec qui il commence \u00e0 discuter. Fr\u00e9d\u00e9ric, qui est en fauteuil roulant manuel, est avec sa compagne H\u00e9l\u00e9na et d\u00e9couvre cette ann\u00e9e le march\u00e9 de No\u00ebl pour la premi\u00e8re fois, non sans difficult\u00e9, surtout dans la foule dense. <strong>\u00ab Le plus emb\u00eatant, c\u2019est l\u2019incivilit\u00e9 des gens. Une personne sur deux ne se pousse pas quand elle voit un fauteuil. On est oblig\u00e9 de slalomer \u00bb, d\u00e9crit Fr\u00e9d\u00e9ric.\u00a0<\/strong><\/p>\n<p class=\"p1\">Passage oblig\u00e9 devant la cath\u00e9drale et ses stands, malgr\u00e9 les secousses des pav\u00e9s qui rendent le trajet mouvement\u00e9. Qendrim s\u2019arr\u00eate prendre un vin chaud, le temps de faire une pause. <strong>\u00ab Depuis l\u2019an dernier, la plupart des stands ont \u00e9t\u00e9 abaiss\u00e9s pour \u00eatre \u00e0 la hauteur d\u2019un fauteuil roulant \u00bb<\/strong>, se r\u00e9jouit-il. Une am\u00e9lioration qui ravit Qendrim et qui rend la visite un peu plus agr\u00e9able que les ann\u00e9es pr\u00e9c\u00e9dentes.<\/p>\n<p>                <a href=\"https:\/\/pokaa.fr\/2025\/03\/08\/strasbourg-inaccessible-on-a-passe-un-apres-midi-avec-johanna-et-son-fauteuil-roulant\/\" target=\"_blank\" rel=\"noopener\"><br \/>\n                    <img width=\"450\" height=\"270\" src=\"https:\/\/www.europesays.com\/fr\/wp-content\/uploads\/2025\/06\/1749979413_344_1-2-450x270.png\" class=\"attachment-card-horizontal--same-subject size-card-horizontal--same-subject wp-post-image\" alt=\"\" decoding=\"async\" loading=\"lazy\"\/>                <\/a><\/p>\n<p>    <img width=\"800\" height=\"600\" src=\"https:\/\/www.europesays.com\/fr\/wp-content\/uploads\/2025\/12\/img-5959-resized-800x600.jpg\" class=\"attachment-image-size-L size-image-size-L\" alt=\"March\u00e9 de No\u00ebl Handicap Qendrim Kasabaqi\" decoding=\"async\" loading=\"lazy\"  \/>         \u00a9 Romain Fournier \/ Pokaa <\/p>\n<p>Un parcours du combattant<\/p>\n<p class=\"p1\">En parall\u00e8le, l\u2019accessibilit\u00e9 oublie parfois certaines formes de handicap.\u00a0<strong>\u00ab Pour les malvoyants, le march\u00e9 de No\u00ebl, c\u2019est assez frustrant \u00bb<\/strong>, raconte Tim Geiger, malvoyant.<\/p>\n<p class=\"p1\">Atteint d\u2019une neuropathie optique de Leber,<strong> son handicap invisible rend sa visite du march\u00e9 de No\u00ebl particuli\u00e8rement complexe.<\/strong> \u00ab La forte luminosit\u00e9 des stands, la foule, tout cela rend compliqu\u00e9 le fait de voir les stands ou m\u00eame de distinguer \u00e0 qui l\u2019on parle. \u00bb<\/p>\n<p>    <img width=\"800\" height=\"533\" src=\"https:\/\/www.europesays.com\/fr\/wp-content\/uploads\/2025\/11\/france-strasbourg-alsace-marche-de-noel-wr-100-800x533.jpg\" class=\"attachment-image-size-L size-image-size-L\" alt=\"March\u00e9 de Noel 2024 arches de d\u00e9coration\" decoding=\"async\" loading=\"lazy\"  \/>         \u00a9 Wilfried Rion \/ Pokaa <\/p>\n<p class=\"p1\"><strong>\u00ab Vu que le march\u00e9 de No\u00ebl c\u2019est un d\u00e9placement difficile, je vais \u00e0 chaque fois devoir \u00eatre accompagn\u00e9. Je ne prends aucun plaisir \u00e0 le faire seul \u00bb<\/strong>, explique-t-il. Un manque d\u2019autonomie qui transforme cette visite du march\u00e9 de No\u00ebl en v\u00e9ritable \u00e9preuve pour Tim.<\/p>\n<p class=\"p1\">\u00ab L\u2019ann\u00e9e derni\u00e8re, par exemple, il fallait faire attention \u00e0 o\u00f9 mettre les pieds place Kl\u00e9ber, certains endroits \u00e9taient tr\u00e8s glissants. \u00bb<\/p>\n<p>    <img width=\"800\" height=\"533\" src=\"https:\/\/www.europesays.com\/fr\/wp-content\/uploads\/2025\/12\/france-strasbourg-alsace-marche-de-noel-wr-84-800x533.jpg\" class=\"attachment-image-size-L size-image-size-L\" alt=\"March\u00e9 de Noel 2024 d\u00e9corations et chalet Petite France\" decoding=\"async\" loading=\"lazy\"  \/>         \u00a9 Wilfried Rion \/ Pokaa <\/p>\n<p>Des visites adapt\u00e9es propos\u00e9es <\/p>\n<p class=\"p1\">Pour que le march\u00e9 de No\u00ebl reste un plaisir pour toutes et tous, la Ville de Strasbourg a renforc\u00e9 cette ann\u00e9e plusieurs dispositifs en faveur de l\u2019accessibilit\u00e9. Un axe assum\u00e9 par la municipalit\u00e9, la maire Jeanne Barseghian ayant souhait\u00e9 <strong>un march\u00e9 \u00ab encore plus solidaire et inclusif \u00bb.<\/strong><\/p>\n<p>Concr\u00e8tement, des visites adapt\u00e9es sont propos\u00e9es chaque mardi apr\u00e8s-midi, avec un guide conf\u00e9rencier. Du mat\u00e9riel PMR, comme des <strong>d\u00e9ambulateurs ou des fauteuils roulants, peut aussi \u00eatre emprunt\u00e9 directement place Kl\u00e9ber, au niveau du chalet \u00ab Info \u00bb.<\/strong><\/p>\n<p>    <img width=\"800\" height=\"566\" src=\"https:\/\/www.europesays.com\/fr\/wp-content\/uploads\/2025\/12\/carte-situtation-handicap-v2-copie-resized-800x566.jpg\" class=\"attachment-image-size-L size-image-size-L\" alt=\"Carte handicap march\u00e9 de No\u00ebl\" decoding=\"async\" loading=\"lazy\"  \/>         \u00a9 Ville de Strasbourg \/ Capture d&rsquo;\u00e9cran <\/p>\n<p>Il y a \u00e9galement<strong>\u00a0la mise en place d\u2019une carte sp\u00e9ciale des march\u00e9s de No\u00ebl, con\u00e7ue avec des associations locales, <\/strong>proposant un parcours conseill\u00e9 pour les personnes en situation de handicap.<a href=\"https:\/\/noel.strasbourg.eu\/dispositifs-handicap\" target=\"_blank\" rel=\"noopener\"> Toutes les informations sont disponibles ici.\u00a0<\/a><\/p>\n<p class=\"p1\"><strong>Des avanc\u00e9es qui vont dans le bon sens, m\u00eame si, sur le terrain, elles ne suffisent pas toujours <\/strong>\u00e0 effacer l\u2019ensemble des difficult\u00e9s rencontr\u00e9es pendant la visite.<\/p>\n","protected":false},"excerpt":{"rendered":"Accueil \/ No\u00ebl \/ En fauteuil roulant ou malvoyant : \u00e0 Strasbourg, le march\u00e9 de No\u00ebl est un&hellip;\n","protected":false},"author":2,"featured_media":597630,"comment_status":"","ping_status":"","sticky":false,"template":"","format":"standard","meta":{"footnotes":""},"categories":[2820],"tags":[26087,1111,11,1777,674,1011,27,775,1943,67619,12,25,640],"class_list":{"0":"post-597629","1":"post","2":"type-post","3":"status-publish","4":"format-standard","5":"has-post-thumbnail","7":"category-strasbourg","8":"tag-accessibilite","9":"tag-actu","10":"tag-actualites","11":"tag-eu","12":"tag-europe","13":"tag-fr","14":"tag-france","15":"tag-grand-est","16":"tag-handicap","17":"tag-marche-de-noel-2025","18":"tag-news","19":"tag-republique-francaise","20":"tag-strasbourg"},"share_on_mastodon":{"url":"https:\/\/pubeurope.com\/@fr\/115714973659627701","error":""},"_links":{"self":[{"href":"https:\/\/www.europesays.com\/fr\/wp-json\/wp\/v2\/posts\/597629","targetHints":{"allow":["GET"]}}],"collection":[{"href":"https:\/\/www.europesays.com\/fr\/wp-json\/wp\/v2\/posts"}],"about":[{"href":"https:\/\/www.europesays.com\/fr\/wp-json\/wp\/v2\/types\/post"}],"author":[{"embeddable":true,"href":"https:\/\/www.europesays.com\/fr\/wp-json\/wp\/v2\/users\/2"}],"replies":[{"embeddable":true,"href":"https:\/\/www.europesays.com\/fr\/wp-json\/wp\/v2\/comments?post=597629"}],"version-history":[{"count":0,"href":"https:\/\/www.europesays.com\/fr\/wp-json\/wp\/v2\/posts\/597629\/revisions"}],"wp:featuredmedia":[{"embeddable":true,"href":"https:\/\/www.europesays.com\/fr\/wp-json\/wp\/v2\/media\/597630"}],"wp:attachment":[{"href":"https:\/\/www.europesays.com\/fr\/wp-json\/wp\/v2\/media?parent=597629"}],"wp:term":[{"taxonomy":"category","embeddable":true,"href":"https:\/\/www.europesays.com\/fr\/wp-json\/wp\/v2\/categories?post=597629"},{"taxonomy":"post_tag","embeddable":true,"href":"https:\/\/www.europesays.com\/fr\/wp-json\/wp\/v2\/tags?post=597629"}],"curies":[{"name":"wp","href":"https:\/\/api.w.org\/{rel}","templated":true}]}}