{"id":597631,"date":"2025-12-13T23:59:44","date_gmt":"2025-12-13T23:59:44","guid":{"rendered":"https:\/\/www.europesays.com\/fr\/597631\/"},"modified":"2025-12-13T23:59:44","modified_gmt":"2025-12-13T23:59:44","slug":"depuis-1979-lestampe-rend-lart-accessible-a-strasbourg","status":"publish","type":"post","link":"https:\/\/www.europesays.com\/fr\/597631\/","title":{"rendered":"depuis 1979, L&rsquo;Estampe rend l&rsquo;art accessible \u00e0 Strasbourg"},"content":{"rendered":"<p><strong>\u00c0 Strasbourg, au num\u00e9ro 31 du quai des Bateliers, difficile de ne pas croiser la route de la galerie d\u2019art L\u2019Estampe. Pourtant, beaucoup n\u2019osent pas y mettre les pieds. On a d\u00e9cid\u00e9 de le faire pour vous, pour mieux comprendre son nom et voir ce qu\u2019on peut y trouver. Et nos yeux ont ador\u00e9 ! On vous raconte.\u00a0<\/strong><\/p>\n<p>Tout d\u2019abord, une estampe, c\u2019est quoi\u00a0? <strong>C\u2019est une image d\u2019art reproductible en plusieurs exemplaires, \u00e0 partir d\u2019une matrice,<\/strong> par exemple grav\u00e9e sur du m\u00e9tal, du bois, du lino, de la pierre\u2026 Et c\u2019est justement ce que la galerie L\u2019Estampe propose \u00e0 Strasbourg.<\/p>\n<p><strong>Fond\u00e9 en 1979 par Jacques Lacan, cela fait plus de 45 ans<\/strong> que le lieu repr\u00e9sente des grands noms de l\u2019art contemporain, en plus de proposer des \u0153uvres avec lesquelles repartir sous le coude pour tous les prix\u00a0: bref, <strong>tous les publics sont les bienvenus,<\/strong> amateurs\/rices comme connaisseurs\/ses. Sur place, c\u2019est H\u00e9l\u00e8ne qui nous\u00a0accueille et\u00a0qui nous explique tout \u00e7a\u00a0!<\/p>\n<p>                <img width=\"750\" height=\"500\" src=\"https:\/\/www.europesays.com\/fr\/wp-content\/uploads\/2025\/11\/dsc-5554-750x500.jpg\" class=\"attachment-gallery size-gallery\" alt=\"Galerie l\u2019estampe\" data-full-url=\"https:\/\/pokaa.fr\/wp-content\/uploads\/2025\/10\/23\/dsc-5554-1500x1000.jpg\" decoding=\"async\" loading=\"lazy\"  \/>            <\/p>\n<p>                <img width=\"750\" height=\"500\" src=\"https:\/\/www.europesays.com\/fr\/wp-content\/uploads\/2025\/12\/dsc-5552-750x500.jpg\" class=\"attachment-gallery size-gallery\" alt=\"Galerie l\u2019estampe\" data-full-url=\"https:\/\/pokaa.fr\/wp-content\/uploads\/2025\/10\/23\/dsc-5552-1500x1000.jpg\" decoding=\"async\" loading=\"lazy\"  \/>            <\/p>\n<p>                <img width=\"750\" height=\"500\" src=\"https:\/\/www.europesays.com\/fr\/wp-content\/uploads\/2025\/11\/dsc-5548-750x500.jpg\" class=\"attachment-gallery size-gallery\" alt=\"Galerie l\u2019estampe\" data-full-url=\"https:\/\/pokaa.fr\/wp-content\/uploads\/2025\/10\/23\/dsc-5548-1500x1000.jpg\" decoding=\"async\" loading=\"lazy\"  \/>            <\/p>\n<p>                    \u00a9 Marie Goehner-David \/ Pokaa<\/p>\n<p>Petite galerie, rayonnement mondial<\/p>\n<p>\u00ab\u00a0<strong>Les gens s\u2019imaginent qu\u2019on ne peut pas rentrer dans une galerie juste comme \u00e7a<\/strong>. Qu\u2019il faut avoir un rendez-vous, ou forc\u00e9ment d\u00e9j\u00e0 une acquisition, une forme de \u2018l\u00e9gitimit\u00e9\u2019\u2026 mais pas du tout ! \u00bb En t\u00e9moigne la porte grande ouverte de la galerie, qui invite \u00e0 y jeter un \u0153il.<\/p>\n<p>Durant notre passage, on profite de l\u2019expo de <strong>Lady M<\/strong>, artiste murale qui a transpos\u00e9 sa technique color\u00e9e sur des toiles. Pendant qu\u2019on se r\u00e9gale les mirettes, H\u00e9l\u00e8ne poursuit : \u00ab On travaille avec des grands noms du milieu. Par exemple, on a de magnifiques \u0153uvres de <strong>Speedy Graphito<\/strong> \u00bb, nous raconte-t-elle tout en nous montrant les diff\u00e9rentes \u0153uvres.<\/p>\n<p>                <img width=\"715\" height=\"500\" src=\"https:\/\/www.europesays.com\/fr\/wp-content\/uploads\/2025\/12\/galerie-lestampe-lady-m-10-715x500.jpg\" class=\"attachment-gallery size-gallery\" alt=\"Galerie l\u2019Estampe Lady M (10)\" data-full-url=\"https:\/\/pokaa.fr\/wp-content\/uploads\/2025\/12\/10\/galerie-lestampe-lady-m-10.jpg\" decoding=\"async\" loading=\"lazy\"  \/>            <\/p>\n<p>                <img width=\"750\" height=\"500\" src=\"https:\/\/www.europesays.com\/fr\/wp-content\/uploads\/2025\/12\/galerie-lestampe-lady-m-9-750x500.jpg\" class=\"attachment-gallery size-gallery\" alt=\"Galerie l\u2019Estampe Lady M (9)\" data-full-url=\"https:\/\/pokaa.fr\/wp-content\/uploads\/2025\/12\/10\/galerie-lestampe-lady-m-9.jpg\" decoding=\"async\" loading=\"lazy\"  \/>            <\/p>\n<p>                    Lady M. \u00a9 Marie Goehner-David \/ Pokaa<\/p>\n<p>                <img width=\"750\" height=\"500\" src=\"https:\/\/www.europesays.com\/fr\/wp-content\/uploads\/2025\/12\/galerie-lestampe-38-750x500.jpg\" class=\"attachment-gallery size-gallery\" alt=\"Galerie l\u2019Estampe (38)\" data-full-url=\"https:\/\/pokaa.fr\/wp-content\/uploads\/2025\/12\/10\/galerie-lestampe-38.jpg\" decoding=\"async\" loading=\"lazy\"  \/>            <\/p>\n<p>                <img width=\"750\" height=\"500\" src=\"https:\/\/www.europesays.com\/fr\/wp-content\/uploads\/2025\/12\/galerie-lestampe-35-750x500.jpg\" class=\"attachment-gallery size-gallery\" alt=\"Galerie l\u2019Estampe (35)\" data-full-url=\"https:\/\/pokaa.fr\/wp-content\/uploads\/2025\/12\/10\/galerie-lestampe-35.jpg\" decoding=\"async\" loading=\"lazy\"  \/>            <\/p>\n<p>                <img width=\"750\" height=\"500\" src=\"https:\/\/www.europesays.com\/fr\/wp-content\/uploads\/2025\/12\/galerie-lestampe-36-750x500.jpg\" class=\"attachment-gallery size-gallery\" alt=\"Galerie l\u2019Estampe (36)\" data-full-url=\"https:\/\/pokaa.fr\/wp-content\/uploads\/2025\/12\/10\/galerie-lestampe-36.jpg\" decoding=\"async\" loading=\"lazy\"  \/>            <\/p>\n<p>                    Speedy Graphito. \u00a9 Marie Goehner-David \/ Pokaa<\/p>\n<p>\u00ab\u00a0<strong>Notre sp\u00e9cialit\u00e9, c\u2019est l\u2019aquagravure, que nous sommes les seuls \u00e0 pratiquer en Europe.<\/strong> Il s\u2019agit d\u2019une technique en relief, qui produit un effet de texture unique\u00a0\u00bb, comme nous le montre H\u00e9l\u00e8ne sur le travail de <strong>Raymond Waydelich<\/strong>, qui a \u00e9t\u00e9 expos\u00e9 jusqu\u2019au Japon ou en Am\u00e9rique latine.<\/p>\n<p>En fait, L\u2019Estampe,<strong> ce n\u2019est pas seulement une galerie. C\u2019est aussi des \u00e9diteurs\/rices qui travaillent avec les artistes et reproduisent leurs \u0153uvres, promeuvent leurs savoir-faire<\/strong>, leurs techniques manuelles, et toute la connaissance de la mati\u00e8re qui est associ\u00e9e.<\/p>\n<p>                <img width=\"750\" height=\"500\" src=\"https:\/\/www.europesays.com\/fr\/wp-content\/uploads\/2025\/12\/galerie-lestampe-29-750x500.jpg\" class=\"attachment-gallery size-gallery\" alt=\"Galerie l\u2019Estampe (29)\" data-full-url=\"https:\/\/pokaa.fr\/wp-content\/uploads\/2025\/12\/10\/galerie-lestampe-29.jpg\" decoding=\"async\" loading=\"lazy\"  \/>            <\/p>\n<p>                <img width=\"750\" height=\"500\" src=\"https:\/\/www.europesays.com\/fr\/wp-content\/uploads\/2025\/12\/galerie-lestampe-30-750x500.jpg\" class=\"attachment-gallery size-gallery\" alt=\"Galerie l\u2019Estampe (30)\" data-full-url=\"https:\/\/pokaa.fr\/wp-content\/uploads\/2025\/12\/10\/galerie-lestampe-30.jpg\" decoding=\"async\" loading=\"lazy\"  \/>            <\/p>\n<p>                <img width=\"750\" height=\"500\" src=\"https:\/\/www.europesays.com\/fr\/wp-content\/uploads\/2025\/12\/galerie-lestampe-31-750x500.jpg\" class=\"attachment-gallery size-gallery\" alt=\"Galerie l\u2019Estampe (31)\" data-full-url=\"https:\/\/pokaa.fr\/wp-content\/uploads\/2025\/12\/10\/galerie-lestampe-31.jpg\" decoding=\"async\" loading=\"lazy\"  \/>            <\/p>\n<p>                <img width=\"750\" height=\"500\" src=\"https:\/\/www.europesays.com\/fr\/wp-content\/uploads\/2025\/12\/galerie-lestampe-32-750x500.jpg\" class=\"attachment-gallery size-gallery\" alt=\"Galerie l\u2019Estampe (32)\" data-full-url=\"https:\/\/pokaa.fr\/wp-content\/uploads\/2025\/12\/10\/galerie-lestampe-32.jpg\" decoding=\"async\" loading=\"lazy\"  \/>            <\/p>\n<p>                    D\u00e9tails en relief, Raymond Waydelich. \u00a9 Marie Goehner-David \/ Pokaa<\/p>\n<p>Des \u0153uvres pour toutes et tous\u2026 \u00e0 glisser sous le sapin !<\/p>\n<p>La particularit\u00e9 de la technique de l\u2019estampe, comme on vous le disait, c\u2019est qu\u2019il s\u2019agit d\u2019une \u0153uvre reproductible, et donc <strong>plus accessible. <\/strong>C\u2019est donc l\u2019id\u00e9al pour acqu\u00e9rir une premi\u00e8re \u0153uvre, ou m\u00eame pour profiter des gravures anciennes en vente, que l\u2019on peut retrouver <strong>\u00e0 partir d\u2019une quinzaine d\u2019euros. De quoi faire un cadeau pas comme les autres \u00e0 No\u00ebl.<\/strong><\/p>\n<p><strong>Imagerie ancienne de Strasbourg, planches botaniques ou animali\u00e8res, paysages exotiques ou sc\u00e8nes du quotidien\u2026<\/strong> \u00c0 vous de trouver votre bonheur. Nous, on a mis la main sur un ragondin !<\/p>\n<p>                <img width=\"750\" height=\"500\" src=\"https:\/\/www.europesays.com\/fr\/wp-content\/uploads\/2025\/12\/galerie-lestampe-15-750x500.jpg\" class=\"attachment-gallery size-gallery\" alt=\"Galerie l\u2019Estampe (15)\" data-full-url=\"https:\/\/pokaa.fr\/wp-content\/uploads\/2025\/12\/10\/galerie-lestampe-15.jpg\" decoding=\"async\" loading=\"lazy\"  \/>            <\/p>\n<p>                <img width=\"750\" height=\"500\" src=\"https:\/\/www.europesays.com\/fr\/wp-content\/uploads\/2025\/12\/galerie-lestampe-24-750x500.jpg\" class=\"attachment-gallery size-gallery\" alt=\"Galerie l\u2019Estampe (24)\" data-full-url=\"https:\/\/pokaa.fr\/wp-content\/uploads\/2025\/12\/10\/galerie-lestampe-24.jpg\" decoding=\"async\" loading=\"lazy\"  \/>            <\/p>\n<p>                <img width=\"750\" height=\"500\" src=\"https:\/\/www.europesays.com\/fr\/wp-content\/uploads\/2025\/12\/galerie-lestampe-28-750x500.jpg\" class=\"attachment-gallery size-gallery\" alt=\"Galerie l\u2019Estampe (28)\" data-full-url=\"https:\/\/pokaa.fr\/wp-content\/uploads\/2025\/12\/10\/galerie-lestampe-28.jpg\" decoding=\"async\" loading=\"lazy\"  \/>            <\/p>\n<p>                <img width=\"750\" height=\"500\" src=\"https:\/\/www.europesays.com\/fr\/wp-content\/uploads\/2025\/12\/galerie-lestampe-18-750x500.jpg\" class=\"attachment-gallery size-gallery\" alt=\"Galerie l\u2019Estampe (18)\" data-full-url=\"https:\/\/pokaa.fr\/wp-content\/uploads\/2025\/12\/10\/galerie-lestampe-18.jpg\" decoding=\"async\" loading=\"lazy\"  \/>            <\/p>\n<p>                <img width=\"750\" height=\"500\" src=\"https:\/\/www.europesays.com\/fr\/wp-content\/uploads\/2025\/12\/galerie-lestampe-23-750x500.jpg\" class=\"attachment-gallery size-gallery\" alt=\"Galerie l\u2019Estampe (23)\" data-full-url=\"https:\/\/pokaa.fr\/wp-content\/uploads\/2025\/12\/10\/galerie-lestampe-23.jpg\" decoding=\"async\" loading=\"lazy\"  \/>            <\/p>\n<p>                <img width=\"750\" height=\"500\" src=\"https:\/\/www.europesays.com\/fr\/wp-content\/uploads\/2025\/12\/galerie-lestampe-22-750x500.jpg\" class=\"attachment-gallery size-gallery\" alt=\"Galerie l\u2019Estampe (22)\" data-full-url=\"https:\/\/pokaa.fr\/wp-content\/uploads\/2025\/12\/10\/galerie-lestampe-22.jpg\" decoding=\"async\" loading=\"lazy\"  \/>            <\/p>\n<p>                <img width=\"750\" height=\"500\" src=\"https:\/\/www.europesays.com\/fr\/wp-content\/uploads\/2025\/12\/galerie-lestampe-21-750x500.jpg\" class=\"attachment-gallery size-gallery\" alt=\"Galerie l\u2019Estampe (21)\" data-full-url=\"https:\/\/pokaa.fr\/wp-content\/uploads\/2025\/12\/10\/galerie-lestampe-21.jpg\" decoding=\"async\" loading=\"lazy\"  \/>            <\/p>\n<p>                    \u00a9 Marie Goehner-David \/ Pokaa<\/p>\n<p>    <img width=\"800\" height=\"533\" src=\"https:\/\/www.europesays.com\/fr\/wp-content\/uploads\/2025\/12\/galerie-lestampe-26-800x533.jpg\" class=\"attachment-image-size-L size-image-size-L\" alt=\"Galerie l\u2019Estampe (26)\" decoding=\"async\" loading=\"lazy\"  \/>         \u00a9 Marie Goehner-David \/ Pokaa <\/p>\n<p><strong>L\u2019Estampe, c\u2019est donc un lieu de rencontre pour les diff\u00e9rents publics, et surtout, un endroit pour s\u2019offrir une \u0153uvre originale,<\/strong> sans casser son PEL. \u00ab\u00a0Ce proc\u00e9d\u00e9 permet de <strong>d\u00e9mocratiser l\u2019art,<\/strong> qu\u2019on consid\u00e8re souvent r\u00e9serv\u00e9 \u00e0 un milieu \u00e9litiste. <strong>Notre objectif, c\u2019est de montrer qu\u2019on peut acc\u00e9der \u00e0 une \u0153uvre dont on peut contempler la surface, le grain, la po\u00e9sie, le travail humain derri\u00e8re, et repartir avec<\/strong> \u00bb, nous dit H\u00e9l\u00e8ne.<\/p>\n<p>Parce qu\u2019au final, l\u2019essence du lieu, c\u2019est de r\u00e9unir curieux\/ses comme passionn\u00e9(e)s, et surtout de <strong>garder l\u2019humain au c\u0153ur de l\u2019art.<\/strong><\/p>\n<p>                <img width=\"750\" height=\"500\" src=\"https:\/\/www.europesays.com\/fr\/wp-content\/uploads\/2025\/12\/galerie-lestampe-14-750x500.jpg\" class=\"attachment-gallery size-gallery\" alt=\"Galerie l\u2019Estampe (14)\" data-full-url=\"https:\/\/pokaa.fr\/wp-content\/uploads\/2025\/12\/10\/galerie-lestampe-14.jpg\" decoding=\"async\" loading=\"lazy\"  \/>            <\/p>\n<p>                <img width=\"750\" height=\"500\" src=\"https:\/\/www.europesays.com\/fr\/wp-content\/uploads\/2025\/12\/galerie-lestampe-13-750x500.jpg\" class=\"attachment-gallery size-gallery\" alt=\"Galerie l\u2019Estampe (13)\" data-full-url=\"https:\/\/pokaa.fr\/wp-content\/uploads\/2025\/12\/10\/galerie-lestampe-13.jpg\" decoding=\"async\" loading=\"lazy\"  \/>            <\/p>\n<p>                    Christian Bozon. \u00a9 Marie Goehner-David \/ Pokaa<\/p>\n<p>            L&rsquo;Estampe<\/p>\n<p>            Quoi ?<br \/>\n            Galerie d&rsquo;art et maison d&rsquo;\u00e9dition        <\/p>\n<p>            o\u00f9 ?<br \/>\n            31 quai des bateliers, \u00e0 Strasbourg         <\/p>\n<p>                Plus d&rsquo;infos ?<\/p>\n<p><a href=\"https:\/\/www.estampe.fr\/\" target=\"_blank\" rel=\"noopener\">Site web<\/a><\/p>\n<p><a href=\"https:\/\/www.instagram.com\/galerielestampe\/\" target=\"_blank\" rel=\"noopener\">Page Instagram<\/a><\/p>\n<p>    <img width=\"800\" height=\"533\" src=\"https:\/\/www.europesays.com\/fr\/wp-content\/uploads\/2025\/12\/galerie-lestampe-19-800x533.jpg\" class=\"attachment-image-size-L size-image-size-L\" alt=\"Galerie l\u2019Estampe (19)\" decoding=\"async\" loading=\"lazy\"  \/>         \u00a9 Marie Goehner-David \/ Pokaa <\/p>\n<p><script async src=\"\/\/www.instagram.com\/embed.js\"><\/script><\/p>\n","protected":false},"excerpt":{"rendered":"\u00c0 Strasbourg, au num\u00e9ro 31 du quai des Bateliers, difficile de ne pas croiser la route de la&hellip;\n","protected":false},"author":2,"featured_media":597632,"comment_status":"","ping_status":"","sticky":false,"template":"","format":"standard","meta":{"footnotes":""},"categories":[2820],"tags":[1111,11,3734,71028,1777,674,1011,27,10486,775,12,25,640],"class_list":{"0":"post-597631","1":"post","2":"type-post","3":"status-publish","4":"format-standard","5":"has-post-thumbnail","7":"category-strasbourg","8":"tag-actu","9":"tag-actualites","10":"tag-art","11":"tag-estampe","12":"tag-eu","13":"tag-europe","14":"tag-fr","15":"tag-france","16":"tag-galerie","17":"tag-grand-est","18":"tag-news","19":"tag-republique-francaise","20":"tag-strasbourg"},"share_on_mastodon":{"url":"https:\/\/pubeurope.com\/@fr\/115714984723269132","error":""},"_links":{"self":[{"href":"https:\/\/www.europesays.com\/fr\/wp-json\/wp\/v2\/posts\/597631","targetHints":{"allow":["GET"]}}],"collection":[{"href":"https:\/\/www.europesays.com\/fr\/wp-json\/wp\/v2\/posts"}],"about":[{"href":"https:\/\/www.europesays.com\/fr\/wp-json\/wp\/v2\/types\/post"}],"author":[{"embeddable":true,"href":"https:\/\/www.europesays.com\/fr\/wp-json\/wp\/v2\/users\/2"}],"replies":[{"embeddable":true,"href":"https:\/\/www.europesays.com\/fr\/wp-json\/wp\/v2\/comments?post=597631"}],"version-history":[{"count":0,"href":"https:\/\/www.europesays.com\/fr\/wp-json\/wp\/v2\/posts\/597631\/revisions"}],"wp:featuredmedia":[{"embeddable":true,"href":"https:\/\/www.europesays.com\/fr\/wp-json\/wp\/v2\/media\/597632"}],"wp:attachment":[{"href":"https:\/\/www.europesays.com\/fr\/wp-json\/wp\/v2\/media?parent=597631"}],"wp:term":[{"taxonomy":"category","embeddable":true,"href":"https:\/\/www.europesays.com\/fr\/wp-json\/wp\/v2\/categories?post=597631"},{"taxonomy":"post_tag","embeddable":true,"href":"https:\/\/www.europesays.com\/fr\/wp-json\/wp\/v2\/tags?post=597631"}],"curies":[{"name":"wp","href":"https:\/\/api.w.org\/{rel}","templated":true}]}}