{"id":597637,"date":"2025-12-14T00:04:26","date_gmt":"2025-12-14T00:04:26","guid":{"rendered":"https:\/\/www.europesays.com\/fr\/597637\/"},"modified":"2025-12-14T00:04:26","modified_gmt":"2025-12-14T00:04:26","slug":"reze-771-personnes-rassemblees-pour-la-guinguette-de-noel","status":"publish","type":"post","link":"https:\/\/www.europesays.com\/fr\/597637\/","title":{"rendered":"Rez\u00e9. 771\u00a0personnes rassembl\u00e9es pour la guinguette de No\u00ebl"},"content":{"rendered":"<p>Les 9, 10 et 11\u00a0d\u00e9cembre, les Rez\u00e9ens et Rez\u00e9ennes de plus de 70\u00a0ans, qui\u00a0avaient r\u00e9pondu favorablement \u00e0 l\u2019invitation, se sont retrouv\u00e9s \u00e0 la salle de la Trocardi\u00e8re pour la guinguette de No\u00ebl.<\/p>\n<p>Au programme de cet apr\u00e8s-midi festif\u00a0: un go\u00fbter pr\u00e9par\u00e9 par les cuisines centrales de la Ville. \u00a0Compos\u00e9 de 5\u00a0desserts, c\u2019est vraiment trop sucr\u00e9. Ce serait mieux de m\u00e9langer du sal\u00e9 et du sucr\u00e9\u00a0, indiquent Marie, Jeanine, Christiane\u00a0; des propos partag\u00e9s par la majorit\u00e9 de l\u2019assembl\u00e9e.\u00a0L\u2019animation dansante a \u00e9t\u00e9 assur\u00e9e par Le bal des facteurs, un orchestre de cinq musiciens et trois\u00a0danseuses, qui se sont d\u00e9men\u00e9s sur la sc\u00e8ne et ont attir\u00e9 de nombreux danseurs, surtout pour le madison.<\/p>\n<p>\u00a0C\u2019est simple et\u00a0vivant, on retrouve des visages connus, qui ont tous un point commun\u00a0: ils veulent \u00eatre acteurs de leur quotidien. Le premier alli\u00e9 contre la solitude est le lien humain\u00a0, a soulign\u00e9 Agn\u00e8s Bourgeais, la maire de Rez\u00e9. Pour Philippe Audubert, adjoint aux personnes \u00e2g\u00e9es,<strong> \u00a0cette guinguette a du sens et elle offre une respiration collective, un moment pour profiter tous ensemble d\u2019un moment de d\u00e9tente\u00a0.<\/strong><\/p>\n<p>\u00a0<\/p>\n","protected":false},"excerpt":{"rendered":"Les 9, 10 et 11\u00a0d\u00e9cembre, les Rez\u00e9ens et Rez\u00e9ennes de plus de 70\u00a0ans, qui\u00a0avaient r\u00e9pondu favorablement \u00e0 l\u2019invitation,&hellip;\n","protected":false},"author":2,"featured_media":597638,"comment_status":"","ping_status":"","sticky":false,"template":"","format":"standard","meta":{"footnotes":""},"categories":[2818],"tags":[71029,1111,11,1777,674,1011,27,5691,766,12,15830,2636,3744,19517,25,3740],"class_list":{"0":"post-597637","1":"post","2":"type-post","3":"status-publish","4":"format-standard","5":"has-post-thumbnail","7":"category-nantes","8":"tag-71029","9":"tag-actu","10":"tag-actualites","11":"tag-eu","12":"tag-europe","13":"tag-fr","14":"tag-france","15":"tag-guinguette","16":"tag-nantes","17":"tag-news","18":"tag-noel","19":"tag-pays-de-la-loire","20":"tag-personnes","21":"tag-rassemblees","22":"tag-republique-francaise","23":"tag-reze"},"share_on_mastodon":{"url":"https:\/\/pubeurope.com\/@fr\/115714999221348110","error":""},"_links":{"self":[{"href":"https:\/\/www.europesays.com\/fr\/wp-json\/wp\/v2\/posts\/597637","targetHints":{"allow":["GET"]}}],"collection":[{"href":"https:\/\/www.europesays.com\/fr\/wp-json\/wp\/v2\/posts"}],"about":[{"href":"https:\/\/www.europesays.com\/fr\/wp-json\/wp\/v2\/types\/post"}],"author":[{"embeddable":true,"href":"https:\/\/www.europesays.com\/fr\/wp-json\/wp\/v2\/users\/2"}],"replies":[{"embeddable":true,"href":"https:\/\/www.europesays.com\/fr\/wp-json\/wp\/v2\/comments?post=597637"}],"version-history":[{"count":0,"href":"https:\/\/www.europesays.com\/fr\/wp-json\/wp\/v2\/posts\/597637\/revisions"}],"wp:featuredmedia":[{"embeddable":true,"href":"https:\/\/www.europesays.com\/fr\/wp-json\/wp\/v2\/media\/597638"}],"wp:attachment":[{"href":"https:\/\/www.europesays.com\/fr\/wp-json\/wp\/v2\/media?parent=597637"}],"wp:term":[{"taxonomy":"category","embeddable":true,"href":"https:\/\/www.europesays.com\/fr\/wp-json\/wp\/v2\/categories?post=597637"},{"taxonomy":"post_tag","embeddable":true,"href":"https:\/\/www.europesays.com\/fr\/wp-json\/wp\/v2\/tags?post=597637"}],"curies":[{"name":"wp","href":"https:\/\/api.w.org\/{rel}","templated":true}]}}