{"id":597639,"date":"2025-12-14T00:05:26","date_gmt":"2025-12-14T00:05:26","guid":{"rendered":"https:\/\/www.europesays.com\/fr\/597639\/"},"modified":"2025-12-14T00:05:26","modified_gmt":"2025-12-14T00:05:26","slug":"le-pire-bilan-du-fc-nantes-en-ligue-1-battu","status":"publish","type":"post","link":"https:\/\/www.europesays.com\/fr\/597639\/","title":{"rendered":"le pire bilan du FC Nantes en Ligue 1 battu"},"content":{"rendered":"<p>Balay\u00e9 4-1 \u00e0 Angers vendredi soir, le FC Nantes compte d\u00e9sormais 11 points apr\u00e8s 16 rencontres disput\u00e9es dans cet exercice 2025\/2026. Il s\u2019agit tout simplement du pire total affich\u00e9 par les Jaune et Vert dans leur riche histoire en Ligue 1, expose le compte <a href=\"https:\/\/x.com\/Statsdufoot\/status\/1999595494469689549\" target=\"_blank\" rel=\"noopener\">@Statsdufoot<\/a> sur X.<\/p>\n<p><strong>Kelvin Amian<\/strong> et ses co\u00e9quipiers sont parvenus \u00e0 faire pire que leurs pr\u00e9d\u00e9cesseurs de la saison 2006\/2007. \u00c0 l\u2019\u00e9poque, les Canaris comptaient 12 points en 16 matches. Ils \u00e9taient finalement descendus en Ligue 2, terminant leur calvaire \u00e0 la 20\u1d49 place du classement avec 34 points en 38 journ\u00e9es.<\/p>\n<p>Avec le passage \u00e0 18 clubs, en 2023\/2024, la Ligue 1 se joue aujourd\u2019hui sur 34 journ\u00e9es. Quatre possibilit\u00e9s en moins d\u2019aller chercher des points pour <strong>Ahmed Kantari<\/strong> et ses joueurs, englu\u00e9s \u00e0 la 17\u1d49 place.<\/p>\n<p>\u00c0 lire aussi \u2013 <a href=\"https:\/\/tribunenantaise.fr\/actus-fcnantes\/une-statistique-accablante-qui-en-dit-long-sur-la-combativite-du-fc-nantes\/\" target=\"_blank\" rel=\"noopener\">Une statistique accablante qui en dit long sur la combativit\u00e9 du FC Nantes\u2026<\/a><\/p>\n","protected":false},"excerpt":{"rendered":"Balay\u00e9 4-1 \u00e0 Angers vendredi soir, le FC Nantes compte d\u00e9sormais 11 points apr\u00e8s 16 rencontres disput\u00e9es dans&hellip;\n","protected":false},"author":2,"featured_media":597640,"comment_status":"","ping_status":"","sticky":false,"template":"","format":"standard","meta":{"footnotes":""},"categories":[2818],"tags":[1111,11,1777,674,1011,27,766,12,2636,25],"class_list":{"0":"post-597639","1":"post","2":"type-post","3":"status-publish","4":"format-standard","5":"has-post-thumbnail","7":"category-nantes","8":"tag-actu","9":"tag-actualites","10":"tag-eu","11":"tag-europe","12":"tag-fr","13":"tag-france","14":"tag-nantes","15":"tag-news","16":"tag-pays-de-la-loire","17":"tag-republique-francaise"},"share_on_mastodon":{"url":"https:\/\/pubeurope.com\/@fr\/115715003108631277","error":""},"_links":{"self":[{"href":"https:\/\/www.europesays.com\/fr\/wp-json\/wp\/v2\/posts\/597639","targetHints":{"allow":["GET"]}}],"collection":[{"href":"https:\/\/www.europesays.com\/fr\/wp-json\/wp\/v2\/posts"}],"about":[{"href":"https:\/\/www.europesays.com\/fr\/wp-json\/wp\/v2\/types\/post"}],"author":[{"embeddable":true,"href":"https:\/\/www.europesays.com\/fr\/wp-json\/wp\/v2\/users\/2"}],"replies":[{"embeddable":true,"href":"https:\/\/www.europesays.com\/fr\/wp-json\/wp\/v2\/comments?post=597639"}],"version-history":[{"count":0,"href":"https:\/\/www.europesays.com\/fr\/wp-json\/wp\/v2\/posts\/597639\/revisions"}],"wp:featuredmedia":[{"embeddable":true,"href":"https:\/\/www.europesays.com\/fr\/wp-json\/wp\/v2\/media\/597640"}],"wp:attachment":[{"href":"https:\/\/www.europesays.com\/fr\/wp-json\/wp\/v2\/media?parent=597639"}],"wp:term":[{"taxonomy":"category","embeddable":true,"href":"https:\/\/www.europesays.com\/fr\/wp-json\/wp\/v2\/categories?post=597639"},{"taxonomy":"post_tag","embeddable":true,"href":"https:\/\/www.europesays.com\/fr\/wp-json\/wp\/v2\/tags?post=597639"}],"curies":[{"name":"wp","href":"https:\/\/api.w.org\/{rel}","templated":true}]}}