{"id":597647,"date":"2025-12-14T00:09:14","date_gmt":"2025-12-14T00:09:14","guid":{"rendered":"https:\/\/www.europesays.com\/fr\/597647\/"},"modified":"2025-12-14T00:09:14","modified_gmt":"2025-12-14T00:09:14","slug":"fenix-handball-depart-galere-mais-final-radieux-pour-toulouse-en-cote-dor-on-vous-fait-revivre-le-match","status":"publish","type":"post","link":"https:\/\/www.europesays.com\/fr\/597647\/","title":{"rendered":"Fenix Handball\u00a0: d\u00e9part gal\u00e8re mais final radieux pour Toulouse en C\u00f4te-d\u2019Or\u2026 On vous fait revivre le match"},"content":{"rendered":"<p>\n                                                                    l&rsquo;essentiel<br \/>\n                                                                Et \u00e0 la fin\u2026 Le Fenix Toulouse a surmont\u00e9 un d\u00e9fi de taille \u00e0 Dijon, s\u2019imposant 31 \u00e0 29, samedi 13\u00a0d\u00e9cembre, pour le compte de la 14e journ\u00e9e de Starligue. Malgr\u00e9 des absences notables et une entame difficile, une d\u00e9fense sublim\u00e9e a permis de renverser la situation.\n                            <\/p>\n<p>Nous avions \u00e9voqu\u00e9 \u00e0 la fin du mois de novembre le long road trip hivernal qui attendait les Toulousains entre Ligue europ\u00e9enne et Starligue, 9\u00a0000\u00a0km de d\u00e9placements \u00e0 ingurgiter en plus des matchs \u00e0 encaisser et dig\u00e9rer.<\/p>\n<p>        <img decoding=\"async\" class=\"std-img__img responsive-img\" src=\"https:\/\/www.europesays.com\/fr\/wp-content\/uploads\/2025\/12\/1765670954_497_image.jpg\" alt=\"Neuf buts pour Nemanja Ilic, l\u2019ailier gauche serbe des Toulousains.\"\/><\/p>\n<p>                Neuf buts pour Nemanja Ilic, l\u2019ailier gauche serbe des Toulousains.<br \/>\n                                    ARCHIVES DDM &#8211; LAURENT DARD<\/p>\n<p>Ce samedi soir, alors qu\u2019on arrive \u00e0 l\u2019\u00e9ch\u00e9ance du copieux programme de fin d\u2019ann\u00e9e (dernier match samedi prochain face \u00e0 N\u00eemes), les Toulousains ont sembl\u00e9 emprunt\u00e9s en premi\u00e8re p\u00e9riode, sans trop d\u2019imagination au niveau de leur jeu collectif face \u00e0 des Dijonnais qui eux ont jou\u00e9 cr\u00e2nement leur chance. Malgr\u00e9 une entr\u00e9e en mati\u00e8re toulousaine r\u00e9ussie dans le sillage d\u2019un Martins Vieira qui a r\u00e9gl\u00e9 la mire (3-5, 8e), les Toulousains ont fini par s\u2019\u00e9tioler, pas assez agressifs en d\u00e9fense, laissant filer un ou deux ballons dont les Dijonnais sauront se nourrir pour revenir puis s\u2019installer aux commandes (10-8, 15e).<\/p>\n<p class=\"std-elt__inline\">\n        <strong>\u00c0 lire aussi :<\/strong><br \/>\n        <a href=\"https:\/\/www.ladepeche.fr\/2025\/12\/07\/fenix-toulouse-on-na-pas-su-trouver-les-armes-la-deception-des-toulousains-apres-la-defaite-dans-le-derby-13097103.php\" target=\"_blank\" rel=\"noopener\">Fenix Toulouse\u00a0: \u00ab\u00a0On n\u2019a pas su trouver les armes\u00a0\u00bb, la d\u00e9ception des Toulousains apr\u00e8s la d\u00e9faite dans le derby<\/a>\n    <\/p>\n<p>Avec en sus les absences conjugu\u00e9es de Diallo et Brolin, et le retour sur le banc en cours de match de Nyembo (il ne reviendra plus en jeu du match), visiblement pr\u00e9serv\u00e9, \u00e7a ne s\u2019annon\u00e7ait pas sous les meilleurs auspices dans les rangs du Fenix pour enrayer un collectif bourguignon port\u00e9 par un duo Alexandre-Leon Morales au diapason.<\/p>\n<p class=\"std-elt__inline\">\n        <strong>\u00c0 lire aussi :<\/strong><br \/>\n        <a href=\"https:\/\/www.ladepeche.fr\/2025\/12\/07\/fenix-toulouse-balayes-en-premiere-mi-temps-les-toulousains-submerges-dans-le-derby-face-a-montpellier-13097041.php\" target=\"_blank\" rel=\"noopener\">Fenix Toulouse\u00a0: balay\u00e9s en premi\u00e8re mi-temps, les Toulousains submerg\u00e9s dans le derby face \u00e0 Montpellier<\/a>\n    <\/p>\n<p>Apr\u00e8s avoir vir\u00e9 en t\u00eate \u00e0 mi-chemin, Dijon acc\u00e9l\u00e9rait et pensait m\u00eame avoir peut-\u00eatre fait le plus dur en s\u2019\u00e9chappant \u00e0 la 45e (24-20).<\/p>\n<p class=\"std-elt__inline\">\n        <strong>\u00c0 lire aussi :<\/strong><br \/>\n        <a href=\"https:\/\/www.ladepeche.fr\/2025\/12\/07\/starligue-le-fenix-vise-la-manita-dans-le-derby-face-a-montpellier-13095626.php\" target=\"_blank\" rel=\"noopener\">Starligue\u00a0: le Fenix vise la \u00ab\u00a0manita\u00a0\u00bb dans le derby face \u00e0 Montpellier<\/a>\n    <\/p>\n<p>C\u2019est \u00e0 ce moment que les co\u00e9quipiers de Nemanja Ilic ont su inverser la tendance pour ne pas sombrer. \u00c0 l\u2019origine, une activit\u00e9 d\u00e9fensive digne de ce nom autour d\u2019un Hugo Jund hyper actif au poste 3, d\u2019un Simon M\u00f6ller dont l\u2019entr\u00e9e en jeu a sem\u00e9 le doute dans les t\u00eates des Dijonnais, ainsi que d\u2019un Enej Jovivic pr\u00e9cieux pour prendre le relais de Niki Mindegia \u00e0 la m\u00e8ne. Jeu plus pr\u00e9cis, d\u00e9fense en place, il n\u2019en fallait pas plus pour relancer la machine et voir Kempf ramener le Fenix \u00e0 hauteur (25-25, 49e), puis Kojadinovic et Feuchtmann redonner de l\u2019air \u00e0 leur \u00e9quipe (27-29, 52e). Dijon n\u2019allait pas s\u2019en remettre et subir un final totalement ma\u00eetris\u00e9 par les Toulousains.<\/p>\n<p>    La fiche technique<\/p>\n<p><strong>DIJON\u00a029 \u2013 TOULOUSE\u00a031<\/strong><\/p>\n<p>MT\u00a0: 17-15\u00a0; arbitres\u00a0: MM. Corsini et Sami.<br \/><strong>DIJON MH.- Gardiens\u00a0: <\/strong>Helal (58 minutes, 7 arr\u00eats dont 2\/3 pen.), Soliani (2 minutes, 1 arr\u00eat dont 0\/1 pen.).<br \/><strong>Buteurs\u00a0:<\/strong> Naudin (3\/6 dont 1\/2 pen.), Rezzouki (4\/4), Corsovic (0\/1), Leon Morales (6\/7), Auffret (5\/6 dont 0\/1 (0\/2), Dubois (0\/2), Hadj Sadok (1\/4), Tol\u00e9on, Alexandre (3\/5), S\u00e9ri Berthier (3\/6), Khermouche (0\/1), Pasquet (4\/4 dont 2\/2 pen.).<br \/><strong>2 minutes\u00a0:<\/strong> Auffret (6), Naudin (23), Berthier (33, 57).<br \/><strong>FENIX TOULOUSE.- Gardiens\u00a0:<\/strong> Lettens (30 minutes, 7 arr\u00eats dont 2\/4 pen.), M\u00f6ller (30 minutes, 8 arr\u00eats dont 0\/1 pen.).<br \/><strong>Buteurs\u00a0:<\/strong> Giraudeau, Feuchtmann (1\/2 dont 0\/1 pen.), Nyembo, Jund (1\/1) Robert, Martins Vieira (4\/5) Kempf (4\/4), Kojadinovic (6\/12), Ilic (cap.9\/11 dont 2\/3 pen.), Sol, Pineau-Rossi, Jovicic (3\/3), Mindegia (3\/5).<br \/><strong>2 minutes\u00a0: <\/strong>Jund (11), Robert (18), Ilic (24), Pineau-Rossi (35).<\/p>\n","protected":false},"excerpt":{"rendered":"l&rsquo;essentiel Et \u00e0 la fin\u2026 Le Fenix Toulouse a surmont\u00e9 un d\u00e9fi de taille \u00e0 Dijon, s\u2019imposant 31&hellip;\n","protected":false},"author":2,"featured_media":597648,"comment_status":"","ping_status":"","sticky":false,"template":"","format":"standard","meta":{"footnotes":""},"categories":[2816],"tags":[1111,11,1777,674,25269,1011,27,1792,2722,12,2680,25,517,2312],"class_list":{"0":"post-597647","1":"post","2":"type-post","3":"status-publish","4":"format-standard","5":"has-post-thumbnail","7":"category-toulouse","8":"tag-actu","9":"tag-actualites","10":"tag-eu","11":"tag-europe","12":"tag-fenix-toulouse-handball","13":"tag-fr","14":"tag-france","15":"tag-handball","16":"tag-haute-garonne","17":"tag-news","18":"tag-occitanie","19":"tag-republique-francaise","20":"tag-sport","21":"tag-toulouse"},"share_on_mastodon":{"url":"https:\/\/pubeurope.com\/@fr\/115715019007152451","error":""},"_links":{"self":[{"href":"https:\/\/www.europesays.com\/fr\/wp-json\/wp\/v2\/posts\/597647","targetHints":{"allow":["GET"]}}],"collection":[{"href":"https:\/\/www.europesays.com\/fr\/wp-json\/wp\/v2\/posts"}],"about":[{"href":"https:\/\/www.europesays.com\/fr\/wp-json\/wp\/v2\/types\/post"}],"author":[{"embeddable":true,"href":"https:\/\/www.europesays.com\/fr\/wp-json\/wp\/v2\/users\/2"}],"replies":[{"embeddable":true,"href":"https:\/\/www.europesays.com\/fr\/wp-json\/wp\/v2\/comments?post=597647"}],"version-history":[{"count":0,"href":"https:\/\/www.europesays.com\/fr\/wp-json\/wp\/v2\/posts\/597647\/revisions"}],"wp:featuredmedia":[{"embeddable":true,"href":"https:\/\/www.europesays.com\/fr\/wp-json\/wp\/v2\/media\/597648"}],"wp:attachment":[{"href":"https:\/\/www.europesays.com\/fr\/wp-json\/wp\/v2\/media?parent=597647"}],"wp:term":[{"taxonomy":"category","embeddable":true,"href":"https:\/\/www.europesays.com\/fr\/wp-json\/wp\/v2\/categories?post=597647"},{"taxonomy":"post_tag","embeddable":true,"href":"https:\/\/www.europesays.com\/fr\/wp-json\/wp\/v2\/tags?post=597647"}],"curies":[{"name":"wp","href":"https:\/\/api.w.org\/{rel}","templated":true}]}}